{"id":66957,"date":"2011-04-16T00:00:00","date_gmt":"2011-04-15T22:00:00","guid":{"rendered":"http:\/\/www.cronacaonline.it\/public\/content\/index.php\/2011\/04\/16\/bersani-parlamento-e-ministri-al-servizio-dei-legali-del-premier\/"},"modified":"2011-04-16T00:00:00","modified_gmt":"2011-04-15T22:00:00","slug":"bersani-parlamento-e-ministri-al-servizio-dei-legali-del-premier","status":"publish","type":"post","link":"https:\/\/www.cronacaonline.it\/index.php\/2011\/04\/16\/bersani-parlamento-e-ministri-al-servizio-dei-legali-del-premier\/","title":{"rendered":"Bersani: &#8220;Parlamento e ministri al servizio dei legali del premier&#8221;"},"content":{"rendered":"<p>\"Ormai siamo ridotti a questo: il Parlamento e i ministri che si mettono al servizio degli avvocati di Berlusconi\". Il segretario del Pd, Pier Luigi Bersani, attacca cos\u00ec, a margine di un seminario, la richiesta del Pdl al ministro della Giustizia, di inviare gli ispettori al Tribunale di Milano. \"Gli avvocati dicono - prosegue il segretario del Pd - e il Parlamento e i ministri eseguono\".<\/p>\n<p>\"Noi non siamo il partito dei giudici e vogliamo le riforme- ha proseguito Bersani. Ma - ha subito precisato - quelle per tutti i cittadini.\" Per fare le riforme - ha aggiunto - \"bisogna liberarsi dall'uomo e dal modello populista che&nbsp;\u00e8 una malattia e rimettere la democrazia in binari pi\u00f9 saldi perch\u00e9 il Paese ha bisogno di riforme e le riforme non le fa un uomo solo al comando\".<\/p>\n<p>Il segretario del Pd ha poi rilanciato \"una alleanza tra diversi, che armi quelli di buona volont\u00e0 intorno ad un progetto visibile ed esigibile di cambiamento\".<\/p>\n<p>\"L'alleanza - sostiene Bersani - si pu\u00f2 fare anche tra diversi, purch\u00e8 sia chiaro che cosa fare. Non parliamo di un semplice passaggio da un governo ad un altro. Si pu\u00f2 dire di no a questa proposta, ma poi mi si dica come altro fare. Chi si sottrae deve dire che altro fare per evitare di trovarci Berlusconi presidente della Repubblica perch\u00e9 se qualcuno immagina che Berlusconi rifletta su come decantare, si sbaglia\".<\/p>\n<p>Per Bersani \"ci vuole una fase ricostruttiva e noi facciamo appello a moderati e progressisti\" e il Pd si rivolge anche alle classi dirigenti: \"Chi tace adesso - ha concluso - non so come potr\u00e0 parlare dopo\".<\/p>\n","protected":false},"excerpt":{"rendered":"<p>&#8220;Ormai siamo ridotti a questo: il Parlamento e i ministri che si mettono al servizio degli avvocati di Berlusconi&#8221;. Il segretario del Pd, Pier Luigi&#8230;<\/p>\n","protected":false},"author":2,"featured_media":0,"comment_status":"closed","ping_status":"closed","sticky":false,"template":"","format":"standard","meta":[],"categories":[49],"tags":[],"_links":{"self":[{"href":"https:\/\/www.cronacaonline.it\/index.php\/wp-json\/wp\/v2\/posts\/66957"}],"collection":[{"href":"https:\/\/www.cronacaonline.it\/index.php\/wp-json\/wp\/v2\/posts"}],"about":[{"href":"https:\/\/www.cronacaonline.it\/index.php\/wp-json\/wp\/v2\/types\/post"}],"author":[{"embeddable":true,"href":"https:\/\/www.cronacaonline.it\/index.php\/wp-json\/wp\/v2\/users\/2"}],"replies":[{"embeddable":true,"href":"https:\/\/www.cronacaonline.it\/index.php\/wp-json\/wp\/v2\/comments?post=66957"}],"version-history":[{"count":0,"href":"https:\/\/www.cronacaonline.it\/index.php\/wp-json\/wp\/v2\/posts\/66957\/revisions"}],"wp:attachment":[{"href":"https:\/\/www.cronacaonline.it\/index.php\/wp-json\/wp\/v2\/media?parent=66957"}],"wp:term":[{"taxonomy":"category","embeddable":true,"href":"https:\/\/www.cronacaonline.it\/index.php\/wp-json\/wp\/v2\/categories?post=66957"},{"taxonomy":"post_tag","embeddable":true,"href":"https:\/\/www.cronacaonline.it\/index.php\/wp-json\/wp\/v2\/tags?post=66957"}],"curies":[{"name":"wp","href":"https:\/\/api.w.org\/{rel}","templated":true}]}}