{"id":66944,"date":"2011-04-18T00:00:00","date_gmt":"2011-04-17T22:00:00","guid":{"rendered":"http:\/\/www.cronacaonline.it\/public\/content\/index.php\/2011\/04\/18\/sardinia-raid-adventure-assessore-crisponi-pienamente-soddisfatti-del-successo-di-un-evento-di-portata-mondiale\/"},"modified":"2011-04-18T00:00:00","modified_gmt":"2011-04-17T22:00:00","slug":"sardinia-raid-adventure-assessore-crisponi-pienamente-soddisfatti-del-successo-di-un-evento-di-portata-mondiale","status":"publish","type":"post","link":"https:\/\/www.cronacaonline.it\/index.php\/2011\/04\/18\/sardinia-raid-adventure-assessore-crisponi-pienamente-soddisfatti-del-successo-di-un-evento-di-portata-mondiale\/","title":{"rendered":"&#8220;Sardinia Raid Adventure&#8221; &#8211; Assessore Crisponi: &#8220;Pienamente soddisfatti del successo di un evento di portata mondiale&#8221;."},"content":{"rendered":"<p>\"Sardinia Raid Adventure\", la prima competizione multi sport estremi svoltasi in Italia, organizzata dall'assessorato regionale del Turismo e dall'Agenzia Sardegna Promozione, si \u00e8 conclusa ieri sera con il successo della squadra polacca 'Lurbel Adventure', composta da Marcjanek e Kielbasinski.<\/p>\n<p>Sul traguardo di Cala Gonone, al termine del dodicesimo e ultimo stage in kayak (nel tratto di mare tra la 'Grotta del Bue marino' e la localit\u00e0 dorgalese), il team polacco ha preceduto le due squadre spagnole, 'Buff' e 'Bimbache Extreme', formate rispettivamente da Maldonado \u2013 Serrano e Galvan \u2013 Fuentes. Al quarto posto i favoriti della vigilia, la canadese Anne \u2013 Marie Charest, icona delle 'gare d'avventura', e il francese Franck Garcin, coppia del team 'Pedini \u2013 Iret'. Buona la prova dei due sardi in gara, Fabio e Manuel Murgia, della 'S-Cape Travel' che si sono piazzati al sesto posto. Cinque le coppie che per vari motivi non hanno completato il percorso o sono giunte fuori tempo massimo, tra cui il fortissimo turco Ali Riza Bilal. Le tre coppie salite sul podio sono state poi premiate nell'Hotel Genna Silana, che ha ospitato gli atleti.<\/p>\n<p>\"Siamo pienamente soddisfatti del successo di un evento di portata mondiale \u2013 ha affermato l'assessore del Turismo Luigi Crisponi -, frutto della sinergia tra Regione e amministratori del centro Sardegna, che ha aperto le porte dei territori dell'interno al grande pubblico\".<\/p>\n<p>\"La competizione \u00e8 stata una vetrina di ci\u00f2 che l'Isola pu\u00f2 offrire nell'ambito del turismo attivo: i paesaggi naturali e le caratteristiche ambientali, infatti, fanno dell'Isola una destinazione d'eccellenza per questo segmento turistico, una palestra a cielo aperto \u2013 ha concluso Crisponi \u2013 per le attivit\u00e0 sportive outdoor e un luogo ideale per gare d'avventura\".<\/p>\n<p>La 'Sardinia Raid Adventure', inserita nel programma di Bitas 2011, \u00e8 stato uno splendido evento spot per la seconda edizione della Borsa Internazionale del Turismo Attivo in Sardegna, che si terr\u00e0 dal 27 aprile al 3 maggio prossimi a Santa Margherita di Pula, uno dei progetti cardine nelle politiche di delocalizzazione e diversificazione del turismo nell'Isola. Red.<\/p>\n","protected":false},"excerpt":{"rendered":"<p>&#8220;Sardinia Raid Adventure&#8221;, la prima competizione multi sport estremi svoltasi in Italia, organizzata dall&#8217;assessorato regionale del Turismo e dall&#8217;Agenzia Sardegna Promozione, si \u00e8 conclusa ieri&#8230;<\/p>\n","protected":false},"author":2,"featured_media":9211,"comment_status":"closed","ping_status":"closed","sticky":false,"template":"","format":"standard","meta":[],"categories":[49],"tags":[],"_links":{"self":[{"href":"https:\/\/www.cronacaonline.it\/index.php\/wp-json\/wp\/v2\/posts\/66944"}],"collection":[{"href":"https:\/\/www.cronacaonline.it\/index.php\/wp-json\/wp\/v2\/posts"}],"about":[{"href":"https:\/\/www.cronacaonline.it\/index.php\/wp-json\/wp\/v2\/types\/post"}],"author":[{"embeddable":true,"href":"https:\/\/www.cronacaonline.it\/index.php\/wp-json\/wp\/v2\/users\/2"}],"replies":[{"embeddable":true,"href":"https:\/\/www.cronacaonline.it\/index.php\/wp-json\/wp\/v2\/comments?post=66944"}],"version-history":[{"count":0,"href":"https:\/\/www.cronacaonline.it\/index.php\/wp-json\/wp\/v2\/posts\/66944\/revisions"}],"wp:featuredmedia":[{"embeddable":true,"href":"https:\/\/www.cronacaonline.it\/index.php\/wp-json\/"}],"wp:attachment":[{"href":"https:\/\/www.cronacaonline.it\/index.php\/wp-json\/wp\/v2\/media?parent=66944"}],"wp:term":[{"taxonomy":"category","embeddable":true,"href":"https:\/\/www.cronacaonline.it\/index.php\/wp-json\/wp\/v2\/categories?post=66944"},{"taxonomy":"post_tag","embeddable":true,"href":"https:\/\/www.cronacaonline.it\/index.php\/wp-json\/wp\/v2\/tags?post=66944"}],"curies":[{"name":"wp","href":"https:\/\/api.w.org\/{rel}","templated":true}]}}