{"id":66927,"date":"2011-04-01T00:00:00","date_gmt":"2011-03-31T22:00:00","guid":{"rendered":"http:\/\/www.cronacaonline.it\/public\/content\/index.php\/2011\/04\/01\/esplorazioni-cromatiche-al-parco-di-padrongianus-per-i-piccoli-dai-tre-ai-sei-anni\/"},"modified":"2011-04-01T00:00:00","modified_gmt":"2011-03-31T22:00:00","slug":"esplorazioni-cromatiche-al-parco-di-padrongianus-per-i-piccoli-dai-tre-ai-sei-anni","status":"publish","type":"post","link":"https:\/\/www.cronacaonline.it\/index.php\/2011\/04\/01\/esplorazioni-cromatiche-al-parco-di-padrongianus-per-i-piccoli-dai-tre-ai-sei-anni\/","title":{"rendered":"\u201cEsplorazioni cromatiche\u201d al parco di Padrongianus per i piccoli dai tre ai sei anni."},"content":{"rendered":"<p><SPAN style=\"LINE-HEIGHT: 115%; FONT-FAMILY: 'Verdana', 'sans-serif'; FONT-SIZE: 12pt\">Nuovo laboratorio per bambini al parco di Padrongianus. Domani, sabato 2 aprile, il percorso \u00e8 dedicato alle \u201cEsplorazioni cromatiche\u201d. Dalle 15.00 alle 18.00 i pi\u00f9 piccoli, dai tre ai sei anni, potranno incontrarsi per osservare, capire e sperimentare il mondo del colore guidati da Alessandra Angeli.<\/SPAN><\/p>\n<p><SPAN style=\"LINE-HEIGHT: 115%; FONT-FAMILY: 'Verdana', 'sans-serif'; FONT-SIZE: 12pt\"><\/SPAN><SPAN style=\"LINE-HEIGHT: 115%; FONT-FAMILY: 'Verdana', 'sans-serif'; FONT-SIZE: 12pt\">Sono le societ\u00e0 ALEA e GEA, che gestiscono il parco, ad organizzare il laboratorio gratuito per il quale per\u00f2 \u00e8 richiesta la prenotazione: saranno ammessi i primi 15 iscritti. Per accompagnare i piccoli \u00e8 necessaria<SPAN style=\"mso-spacerun: yes\">&nbsp; <\/SPAN>la presenza di un genitore o di un altro adulto di riferimento per tutta la durata del laboratorio. <\/SPAN><\/p>\n<p><SPAN style=\"LINE-HEIGHT: 115%; FONT-FAMILY: 'Verdana', 'sans-serif'; FONT-SIZE: 12pt\"><\/SPAN><SPAN style=\"LINE-HEIGHT: 115%; FONT-FAMILY: 'Verdana', 'sans-serif'; FONT-SIZE: 12pt\">Le attivit\u00e0 previste dal corso \u201cEsplorazioni cromatiche\u201d rientrano nel ricco<SPAN style=\"mso-spacerun: yes\">&nbsp; <\/SPAN>carnet di attivit\u00e0 previste dal bando per la progettazione, realizzazione e gestione delle attivit\u00e0 di educazione ambientale del Parco Fluviale del Padrongianus, promosso dalla Provincia di Olbia-Tempio.<\/SPAN><\/p>\n","protected":false},"excerpt":{"rendered":"<p>Nuovo laboratorio per bambini al parco di Padrongianus. Domani, sabato 2 aprile, il percorso \u00e8 dedicato alle \u201cEsplorazioni cromatiche\u201d. Dalle 15.00 alle 18.00 i pi\u00f9&#8230;<\/p>\n","protected":false},"author":2,"featured_media":0,"comment_status":"closed","ping_status":"closed","sticky":false,"template":"","format":"standard","meta":[],"categories":[49],"tags":[],"_links":{"self":[{"href":"https:\/\/www.cronacaonline.it\/index.php\/wp-json\/wp\/v2\/posts\/66927"}],"collection":[{"href":"https:\/\/www.cronacaonline.it\/index.php\/wp-json\/wp\/v2\/posts"}],"about":[{"href":"https:\/\/www.cronacaonline.it\/index.php\/wp-json\/wp\/v2\/types\/post"}],"author":[{"embeddable":true,"href":"https:\/\/www.cronacaonline.it\/index.php\/wp-json\/wp\/v2\/users\/2"}],"replies":[{"embeddable":true,"href":"https:\/\/www.cronacaonline.it\/index.php\/wp-json\/wp\/v2\/comments?post=66927"}],"version-history":[{"count":0,"href":"https:\/\/www.cronacaonline.it\/index.php\/wp-json\/wp\/v2\/posts\/66927\/revisions"}],"wp:attachment":[{"href":"https:\/\/www.cronacaonline.it\/index.php\/wp-json\/wp\/v2\/media?parent=66927"}],"wp:term":[{"taxonomy":"category","embeddable":true,"href":"https:\/\/www.cronacaonline.it\/index.php\/wp-json\/wp\/v2\/categories?post=66927"},{"taxonomy":"post_tag","embeddable":true,"href":"https:\/\/www.cronacaonline.it\/index.php\/wp-json\/wp\/v2\/tags?post=66927"}],"curies":[{"name":"wp","href":"https:\/\/api.w.org\/{rel}","templated":true}]}}