{"id":66926,"date":"2011-04-16T00:00:00","date_gmt":"2011-04-15T22:00:00","guid":{"rendered":"http:\/\/www.cronacaonline.it\/public\/content\/index.php\/2011\/04\/16\/domani-alle-ore-2130-kike-enrique-quintana-a-cagliari\/"},"modified":"2011-04-16T00:00:00","modified_gmt":"2011-04-15T22:00:00","slug":"domani-alle-ore-2130-kike-enrique-quintana-a-cagliari","status":"publish","type":"post","link":"https:\/\/www.cronacaonline.it\/index.php\/2011\/04\/16\/domani-alle-ore-2130-kike-enrique-quintana-a-cagliari\/","title":{"rendered":"Domani alle ore 21.30 Kike Enrique Quintana a Cagliari"},"content":{"rendered":"<p><SPAN style=\"LINE-HEIGHT: 115%; FONT-FAMILY: 'Verdana', 'sans-serif'; FONT-SIZE: 12pt\"><SPAN class=apple-style-span><SPAN style=\"COLOR: black\">Il musicista cubano<\/SPAN><\/SPAN><SPAN class=apple-converted-space><SPAN style=\"COLOR: black\">&nbsp;<\/SPAN><\/SPAN><STRONG><SPAN style=\"FONT-FAMILY: 'Verdana', 'sans-serif'; COLOR: black; mso-bidi-font-family: 'Times New Roman'; mso-bidi-theme-font: minor-bidi\">Kike Enrique Quintana<\/SPAN><\/STRONG><SPAN class=apple-converted-space><SPAN style=\"COLOR: black\">&nbsp;<\/SPAN><\/SPAN><SPAN class=apple-style-span><SPAN style=\"COLOR: black\">suoner\u00e0 a Linea Notturna (Via Mameli 154)<\/SPAN><\/SPAN><SPAN class=apple-converted-space><SPAN style=\"COLOR: black\">&nbsp;<\/SPAN><\/SPAN><SPAN class=apple-style-span><SPAN style=\"COLOR: black\"><A href=\"javascript:mails_addtocal(2,%22domani%22);\"><SPAN style=\"COLOR: #ff8000; TEXT-DECORATION: none; text-underline: none\">domani<\/SPAN><\/A><\/SPAN><\/SPAN><SPAN class=apple-converted-space><SPAN style=\"COLOR: black\">&nbsp;<\/SPAN><\/SPAN><STRONG><SPAN style=\"FONT-FAMILY: 'Verdana', 'sans-serif'; COLOR: black; mso-bidi-font-family: 'Times New Roman'; mso-bidi-theme-font: minor-bidi\">domenica 17 aprile alle 21.30<\/SPAN><\/STRONG><SPAN class=apple-converted-space><SPAN style=\"COLOR: black\">&nbsp;<\/SPAN><\/SPAN><SPAN class=apple-style-span><SPAN style=\"COLOR: black\">in occasione di \u201cAll This's Jazz\u201d. <\/SPAN><\/SPAN><\/SPAN><\/p>\n<p><SPAN class=apple-style-span><SPAN style=\"LINE-HEIGHT: 115%; FONT-FAMILY: 'Verdana', 'sans-serif'; COLOR: black; FONT-SIZE: 12pt\">Nato a La Havana, vive a Citt\u00e0 del Messico dove dirige dal 1993 il suo gruppo<\/SPAN><\/SPAN><SPAN class=apple-converted-space><SPAN style=\"LINE-HEIGHT: 115%; FONT-FAMILY: 'Verdana', 'sans-serif'; COLOR: black; FONT-SIZE: 12pt\">&nbsp;<\/SPAN><\/SPAN><SPAN class=apple-style-span><B><SPAN style=\"LINE-HEIGHT: 115%; FONT-FAMILY: 'Verdana', 'sans-serif'; COLOR: black; FONT-SIZE: 12pt\">Kike y su Ach\u00e9.<\/SPAN><\/B><\/SPAN><SPAN class=apple-converted-space><B><SPAN style=\"LINE-HEIGHT: 115%; FONT-FAMILY: 'Verdana', 'sans-serif'; COLOR: black; FONT-SIZE: 12pt\">&nbsp;<\/SPAN><\/B><\/SPAN><SPAN class=apple-style-span><SPAN style=\"LINE-HEIGHT: 115%; FONT-FAMILY: 'Verdana', 'sans-serif'; COLOR: black; FONT-SIZE: 12pt\">Come esecutore ha collaborato, tra gli altri, con la<\/SPAN><\/SPAN><SPAN class=apple-converted-space><SPAN style=\"LINE-HEIGHT: 115%; FONT-FAMILY: 'Verdana', 'sans-serif'; COLOR: black; FONT-SIZE: 12pt\">&nbsp;<\/SPAN><\/SPAN><SPAN class=apple-style-span><SPAN style=\"LINE-HEIGHT: 115%; FONT-FAMILY: 'Verdana', 'sans-serif'; COLOR: black; FONT-SIZE: 12pt\">Orquesta Beny Mor\u00e9, il Grupo Miriam Mayard y Habana Son, Alquimia, La Ley e la Orquesta del Centro de Espect\u00e1culo Tropicana. <\/SPAN><\/SPAN><\/p>\n<p><SPAN class=apple-style-span><SPAN style=\"LINE-HEIGHT: 115%; FONT-FAMILY: 'Verdana', 'sans-serif'; COLOR: black; FONT-SIZE: 12pt\">E\u2019 intervenuto in importanti festival internazionali di salsa, condividendo il palco, tra gli altri, con: Mike Tabares, Omara Portuondo, Rub\u00e9n Blades, Ray Barreto, Sonora Ponce\u00f1a, Rub\u00e9n Gonz\u00e1lez del Buenavista Social Club, Oscar de Le\u00f3n e Gilberto Santa Rosa.<\/SPAN><FONT face=Calibri> Com<\/FONT><\/SPAN><\/SPAN><SPAN style=\"LINE-HEIGHT: 115%; FONT-FAMILY: 'Verdana', 'sans-serif'; FONT-SIZE: 12pt; mso-ansi-language: #0010\" lang=it><\/SPAN><\/p>\n","protected":false},"excerpt":{"rendered":"<p>Il musicista cubano&nbsp;Kike Enrique Quintana&nbsp;suoner\u00e0 a Linea Notturna (Via Mameli 154)&nbsp;domani&nbsp;domenica 17 aprile alle 21.30&nbsp;in occasione di \u201cAll This&#8217;s Jazz\u201d. Nato a La Havana, vive&#8230;<\/p>\n","protected":false},"author":2,"featured_media":9206,"comment_status":"closed","ping_status":"closed","sticky":false,"template":"","format":"standard","meta":[],"categories":[49],"tags":[],"_links":{"self":[{"href":"https:\/\/www.cronacaonline.it\/index.php\/wp-json\/wp\/v2\/posts\/66926"}],"collection":[{"href":"https:\/\/www.cronacaonline.it\/index.php\/wp-json\/wp\/v2\/posts"}],"about":[{"href":"https:\/\/www.cronacaonline.it\/index.php\/wp-json\/wp\/v2\/types\/post"}],"author":[{"embeddable":true,"href":"https:\/\/www.cronacaonline.it\/index.php\/wp-json\/wp\/v2\/users\/2"}],"replies":[{"embeddable":true,"href":"https:\/\/www.cronacaonline.it\/index.php\/wp-json\/wp\/v2\/comments?post=66926"}],"version-history":[{"count":0,"href":"https:\/\/www.cronacaonline.it\/index.php\/wp-json\/wp\/v2\/posts\/66926\/revisions"}],"wp:featuredmedia":[{"embeddable":true,"href":"https:\/\/www.cronacaonline.it\/index.php\/wp-json\/"}],"wp:attachment":[{"href":"https:\/\/www.cronacaonline.it\/index.php\/wp-json\/wp\/v2\/media?parent=66926"}],"wp:term":[{"taxonomy":"category","embeddable":true,"href":"https:\/\/www.cronacaonline.it\/index.php\/wp-json\/wp\/v2\/categories?post=66926"},{"taxonomy":"post_tag","embeddable":true,"href":"https:\/\/www.cronacaonline.it\/index.php\/wp-json\/wp\/v2\/tags?post=66926"}],"curies":[{"name":"wp","href":"https:\/\/api.w.org\/{rel}","templated":true}]}}