{"id":66917,"date":"2011-04-18T00:00:00","date_gmt":"2011-04-17T22:00:00","guid":{"rendered":"http:\/\/www.cronacaonline.it\/public\/content\/index.php\/2011\/04\/18\/napolitano-sui-manifesti-di-milano-ignobile-provocazione\/"},"modified":"2011-04-18T00:00:00","modified_gmt":"2011-04-17T22:00:00","slug":"napolitano-sui-manifesti-di-milano-ignobile-provocazione","status":"publish","type":"post","link":"https:\/\/www.cronacaonline.it\/index.php\/2011\/04\/18\/napolitano-sui-manifesti-di-milano-ignobile-provocazione\/","title":{"rendered":"Napolitano sui manifesti di Milano: &#8220;Ignobile provocazione&#8221;"},"content":{"rendered":"<p><SPAN style=\"WIDOWS: 2; TEXT-TRANSFORM: none; TEXT-INDENT: 0px; BORDER-COLLAPSE: separate; FONT: 10px 'Times New Roman'; WHITE-SPACE: normal; ORPHANS: 2; LETTER-SPACING: normal; COLOR: rgb(0,0,0); WORD-SPACING: 0px; -webkit-border-horizontal-spacing: 0px; -webkit-border-vertical-spacing: 0px; -webkit-text-decorations-in-effect: none; -webkit-text-size-adjust: auto; -webkit-text-stroke-width: 0px\" class=Apple-style-span><SPAN style=\"TEXT-ALIGN: justify; LINE-HEIGHT: 20px; FONT-FAMILY: Arial, Helvetica, sans-serif; FONT-SIZE: 13px\" class=Apple-style-span>L'occasione \u00e8 un messaggio al Vice presidente del Consiglio superiore della Magistratura in vista del Giorno della Memoria delle vittime del terrorismo. Il presidente della Repubblica coglie l'opportunit\u00e0 per esprimere tutto il proprio sdegno per i manifesti comparsi nei giorni scorsi a Milano che paragonavano i magistrati alle Brigate Rosse: \"Ignobile provocazione\", la definisce. Aggiungendo il timore che le tensioni della politica stiano \"toccando il limite oltre il quale possono insorgere le pi\u00f9 pericolose esasperazioni e degenerazioni\".<SPAN class=Apple-converted-space>&nbsp;<\/SPAN><\/SPAN><\/SPAN><\/p>\n<p><SPAN style=\"WIDOWS: 2; TEXT-TRANSFORM: none; TEXT-INDENT: 0px; BORDER-COLLAPSE: separate; FONT: 10px 'Times New Roman'; WHITE-SPACE: normal; ORPHANS: 2; LETTER-SPACING: normal; COLOR: rgb(0,0,0); WORD-SPACING: 0px; -webkit-border-horizontal-spacing: 0px; -webkit-border-vertical-spacing: 0px; -webkit-text-decorations-in-effect: none; -webkit-text-size-adjust: auto; -webkit-text-stroke-width: 0px\" class=Apple-style-span><SPAN style=\"TEXT-ALIGN: justify; LINE-HEIGHT: 20px; FONT-FAMILY: Arial, Helvetica, sans-serif; FONT-SIZE: 13px\" class=Apple-style-span><SPAN class=Apple-converted-space><\/SPAN>\"Il prossimo 9 maggio si celebrer\u00e0 al Quirinale il Giorno della Memoria delle vittime del terrorismo e delle stragi di tale matrice. Quest'anno, il nostro omaggio sar\u00e0 reso in particolare ai servitori dello Stato che hanno pagato con la vita la loro lealt\u00e0 alle istituzioni repubblicane. Tra loro, si collocano in primo luogo i dieci magistrati che, per difendere la legalit\u00e0 democratica, sono caduti per mano delle Brigate Rosse e di altre formazioni terroristiche\".<\/SPAN><\/SPAN><\/p>\n<p><SPAN style=\"WIDOWS: 2; TEXT-TRANSFORM: none; TEXT-INDENT: 0px; BORDER-COLLAPSE: separate; FONT: 10px 'Times New Roman'; WHITE-SPACE: normal; ORPHANS: 2; LETTER-SPACING: normal; COLOR: rgb(0,0,0); WORD-SPACING: 0px; -webkit-border-horizontal-spacing: 0px; -webkit-border-vertical-spacing: 0px; -webkit-text-decorations-in-effect: none; -webkit-text-size-adjust: auto; -webkit-text-stroke-width: 0px\" class=Apple-style-span><SPAN style=\"TEXT-ALIGN: justify; LINE-HEIGHT: 20px; FONT-FAMILY: Arial, Helvetica, sans-serif; FONT-SIZE: 13px\" class=Apple-style-span>\"Le sar\u00f2 perci\u00f2 grato se - a mio nome - vorr\u00e0 invitare alla cerimonia i famigliari dei magistrati uccisi e, assieme, i presidenti e i procuratori generali delle Corti di Appello di Genova, Milano, Salerno e Roma, vertici distrettuali degli uffici presso i quali prestavano la loro opera Emilio Alessandrini, Mario Amato, Fedele Calvosa, Francesco Coco, Guido Galli, Nicola Giacumbi, Girolamo Minervini, Vittorio Occorsio, Riccardo Palma e Girolamo Tartaglione\".<SPAN class=Apple-converted-space>&nbsp;<\/SPAN><\/SPAN><\/SPAN><\/p>\n<p><SPAN style=\"WIDOWS: 2; TEXT-TRANSFORM: none; TEXT-INDENT: 0px; BORDER-COLLAPSE: separate; FONT: 10px 'Times New Roman'; WHITE-SPACE: normal; ORPHANS: 2; LETTER-SPACING: normal; COLOR: rgb(0,0,0); WORD-SPACING: 0px; -webkit-border-horizontal-spacing: 0px; -webkit-border-vertical-spacing: 0px; -webkit-text-decorations-in-effect: none; -webkit-text-size-adjust: auto; -webkit-text-stroke-width: 0px\" class=Apple-style-span><SPAN style=\"TEXT-ALIGN: justify; LINE-HEIGHT: 20px; FONT-FAMILY: Arial, Helvetica, sans-serif; FONT-SIZE: 13px\" class=Apple-style-span><SPAN class=Apple-converted-space><\/SPAN>\"La scelta che oggi annunciamo per il prossimo Giorno della Memoria costituisce anche una risposta all'ignobile provocazione del manifesto affisso nei giorni scorsi a Milano con la sigla di una cosiddetta 'Associazione dalla parte della democrazia', per dichiarata iniziativa di un candidato alle imminenti elezioni comunali nel capoluogo lombardo\".<SPAN class=Apple-converted-space>&nbsp;<\/SPAN><\/SPAN><\/SPAN><\/p>\n<p><SPAN style=\"WIDOWS: 2; TEXT-TRANSFORM: none; TEXT-INDENT: 0px; BORDER-COLLAPSE: separate; FONT: 10px 'Times New Roman'; WHITE-SPACE: normal; ORPHANS: 2; LETTER-SPACING: normal; COLOR: rgb(0,0,0); WORD-SPACING: 0px; -webkit-border-horizontal-spacing: 0px; -webkit-border-vertical-spacing: 0px; -webkit-text-decorations-in-effect: none; -webkit-text-size-adjust: auto; -webkit-text-stroke-width: 0px\" class=Apple-style-span><SPAN style=\"TEXT-ALIGN: justify; LINE-HEIGHT: 20px; FONT-FAMILY: Arial, Helvetica, sans-serif; FONT-SIZE: 13px\" class=Apple-style-span><SPAN class=Apple-converted-space><\/SPAN>\"Quel manifesto rappresenta, infatti, innanzitutto una intollerabile offesa alla memoria di tutte le vittime delle Br, magistrati e non. Essa indica, inoltre, come nelle contrapposizioni politiche ed elettorali, e in particolare nelle polemiche sull'amministrazione della giustizia, si stia toccando il limite oltre il quale possono insorgere le pi\u00f9 pericolose esasperazioni e degenerazioni. Di qui il mio costante richiamo al senso della misura e della responsabilita' da parte di tutti\"<\/SPAN><\/SPAN><\/p>\n<p><SPAN style=\"WIDOWS: 2; TEXT-TRANSFORM: none; TEXT-INDENT: 0px; BORDER-COLLAPSE: separate; FONT: 10px 'Times New Roman'; WHITE-SPACE: normal; ORPHANS: 2; LETTER-SPACING: normal; COLOR: rgb(0,0,0); WORD-SPACING: 0px; -webkit-border-horizontal-spacing: 0px; -webkit-border-vertical-spacing: 0px; -webkit-text-decorations-in-effect: none; -webkit-text-size-adjust: auto; -webkit-text-stroke-width: 0px\" class=Apple-style-span><SPAN style=\"TEXT-ALIGN: justify; LINE-HEIGHT: 20px; FONT-FAMILY: Arial, Helvetica, sans-serif; FONT-SIZE: 13px\" class=Apple-style-span><\/SPAN><\/SPAN>&nbsp;<\/p>\n","protected":false},"excerpt":{"rendered":"<p>L&#8217;occasione \u00e8 un messaggio al Vice presidente del Consiglio superiore della Magistratura in vista del Giorno della Memoria delle vittime del terrorismo. Il presidente della&#8230;<\/p>\n","protected":false},"author":2,"featured_media":8987,"comment_status":"closed","ping_status":"closed","sticky":false,"template":"","format":"standard","meta":[],"categories":[49],"tags":[],"_links":{"self":[{"href":"https:\/\/www.cronacaonline.it\/index.php\/wp-json\/wp\/v2\/posts\/66917"}],"collection":[{"href":"https:\/\/www.cronacaonline.it\/index.php\/wp-json\/wp\/v2\/posts"}],"about":[{"href":"https:\/\/www.cronacaonline.it\/index.php\/wp-json\/wp\/v2\/types\/post"}],"author":[{"embeddable":true,"href":"https:\/\/www.cronacaonline.it\/index.php\/wp-json\/wp\/v2\/users\/2"}],"replies":[{"embeddable":true,"href":"https:\/\/www.cronacaonline.it\/index.php\/wp-json\/wp\/v2\/comments?post=66917"}],"version-history":[{"count":0,"href":"https:\/\/www.cronacaonline.it\/index.php\/wp-json\/wp\/v2\/posts\/66917\/revisions"}],"wp:featuredmedia":[{"embeddable":true,"href":"https:\/\/www.cronacaonline.it\/index.php\/wp-json\/"}],"wp:attachment":[{"href":"https:\/\/www.cronacaonline.it\/index.php\/wp-json\/wp\/v2\/media?parent=66917"}],"wp:term":[{"taxonomy":"category","embeddable":true,"href":"https:\/\/www.cronacaonline.it\/index.php\/wp-json\/wp\/v2\/categories?post=66917"},{"taxonomy":"post_tag","embeddable":true,"href":"https:\/\/www.cronacaonline.it\/index.php\/wp-json\/wp\/v2\/tags?post=66917"}],"curies":[{"name":"wp","href":"https:\/\/api.w.org\/{rel}","templated":true}]}}