{"id":66914,"date":"2011-04-07T00:00:00","date_gmt":"2011-04-06T22:00:00","guid":{"rendered":"http:\/\/www.cronacaonline.it\/public\/content\/index.php\/2011\/04\/07\/il-gomalan-brass-quintet-trascinante-ensemble-dottonivenerdi-8-aprile-alle-2030-per-la-stagione-concertistica-2010-2011\/"},"modified":"2011-04-07T00:00:00","modified_gmt":"2011-04-06T22:00:00","slug":"il-gomalan-brass-quintet-trascinante-ensemble-dottonivenerdi-8-aprile-alle-2030-per-la-stagione-concertistica-2010-2011","status":"publish","type":"post","link":"https:\/\/www.cronacaonline.it\/index.php\/2011\/04\/07\/il-gomalan-brass-quintet-trascinante-ensemble-dottonivenerdi-8-aprile-alle-2030-per-la-stagione-concertistica-2010-2011\/","title":{"rendered":"Il Gomalan Brass Quintet, trascinante ensemble d\u2019ottoni,venerd\u00ec 8 aprile alle 20.30, per la Stagione concertistica 2010-2011"},"content":{"rendered":"<p><SPAN style=\"LINE-HEIGHT: 115%; FONT-FAMILY: 'Verdana', 'sans-serif'; FONT-SIZE: 12pt\">La Stagione concertistica 2010-2011 prosegue con il ventesimo appuntamento, <B style=\"mso-bidi-font-weight: normal\">venerd\u00ec 8 aprile alle 20.30<\/B> (turno B): per la <B style=\"mso-bidi-font-weight: normal\">prima volta al Teatro Lirico di Cagliari<\/B>, si esibisce il <B style=\"mso-bidi-font-weight: normal\">Gomalan Brass Quintet<\/B>, <I style=\"mso-bidi-font-style: normal\">ensemble<\/I> d\u2019ottoni eclettico ed estremamente dinamico, costituito da cinque raffinati musicisti, prime parti in importanti orchestre italiane: <B style=\"mso-bidi-font-weight: normal\">Marco Braito<\/B>, <B style=\"mso-bidi-font-weight: normal\">Marco Pierobon<\/B> (<I style=\"mso-bidi-font-style: normal\">trombe<\/I>), <B style=\"mso-bidi-font-weight: normal\">Nilo Caracristi<\/B> (<I style=\"mso-bidi-font-style: normal\">corno<\/I>), <B style=\"mso-bidi-font-weight: normal\">Gianluca Scipioni<\/B> (<I style=\"mso-bidi-font-style: normal\">trombone<\/I>), <B style=\"mso-bidi-font-weight: normal\">Stefano Ammannati<\/B> (<I style=\"mso-bidi-font-style: normal\">tuba<\/I>). L\u2019insolita compagine, per <st1:PersonName w:st=\"on\" ProductID=\"la quale Zubin Mehta\">la quale Zubin Mehta<\/st1:PersonName> ha detto: \u00ab<I style=\"mso-bidi-font-style: normal\">sono un grande gruppo: virtuosismo e musicalit\u00e0 fuori dal comune<\/I>\u00bb, propone l\u2019ascolto di brani che spaziano dal rinascimento al melodramma ed alla musica contemporanea, senza disdegnare incursioni nel repertorio della musica per film.<\/SPAN><\/p>\n<p><SPAN style=\"LINE-HEIGHT: 115%; FONT-FAMILY: 'Verdana', 'sans-serif'; FONT-SIZE: 12pt\">&nbsp;<\/SPAN><\/p>\n<p><SPAN style=\"LINE-HEIGHT: 115%; FONT-FAMILY: 'Verdana', 'sans-serif'; FONT-SIZE: 12pt\">Il programma musicale, inserito nell\u2019XI Festival di Sant\u2019Efisio del Teatro Lirico di Cagliari, prevede: <I style=\"mso-bidi-font-style: normal\">Sonata a cinque<\/I> di Giovanni Gabrieli; <I style=\"mso-bidi-font-style: normal\">Nabucco: Sinfonia<\/I> di Giuseppe Verdi; <I style=\"mso-bidi-font-style: normal\">Turandot: Nessun dorma<\/I>, <I style=\"mso-bidi-font-style: normal\">La Boh\u00e8me, suite<\/I> di Giacomo Puccini; <I style=\"mso-bidi-font-style: normal\">Aida: Coro e Marcia trionfale<\/I> di Giuseppe Verdi; <I style=\"mso-bidi-font-style: normal\">West Side Story, suite<\/I> di Leonard Bernstein; <I style=\"mso-bidi-font-style: normal\">Moment for Morricone<\/I> di Ennio Morricone; <I style=\"mso-bidi-font-style: normal\">Over the Rainbow<\/I> di Harold Arlen; <I style=\"mso-bidi-font-style: normal\">Allarme a New York<\/I> di John Williams; <I style=\"mso-bidi-font-style: normal\">Libertango<\/I> di Astor Piazzolla; <I style=\"mso-bidi-font-style: normal\">Lupin III<\/I> di Yuji Ohno.<I style=\"mso-bidi-font-style: normal\"><\/I><\/SPAN><\/p>\n<p><SPAN style=\"LINE-HEIGHT: 115%; FONT-FAMILY: 'Verdana', 'sans-serif'; FONT-SIZE: 12pt\">&nbsp;<\/SPAN><\/p>\n<p><SPAN style=\"LINE-HEIGHT: 115%; FONT-FAMILY: 'Verdana', 'sans-serif'; FONT-SIZE: 12pt\">L\u2019XI Festival di Sant\u2019Efisio si avvale del contributo della<B style=\"mso-bidi-font-weight: normal\"> Regione Autonoma della Sardegna<\/B> e della <B style=\"mso-bidi-font-weight: normal\">Fondazione Banco di Sardegna<\/B>.<\/SPAN><\/p>\n<p><SPAN style=\"LINE-HEIGHT: 115%; FONT-FAMILY: 'Verdana', 'sans-serif'; FONT-SIZE: 12pt\">&nbsp;<\/SPAN><\/p>\n<p><SPAN style=\"LINE-HEIGHT: 115%; FONT-FAMILY: 'Verdana', 'sans-serif'; FONT-SIZE: 12pt\">&nbsp;<\/SPAN><\/p>\n<p><B style=\"mso-bidi-font-weight: normal\"><SPAN style=\"LINE-HEIGHT: 115%; FONT-FAMILY: 'Verdana', 'sans-serif'; FONT-SIZE: 12pt\">Gomalan Brass Quintet<\/SPAN><\/B><SPAN style=\"LINE-HEIGHT: 115%; FONT-FAMILY: 'Verdana', 'sans-serif'; FONT-SIZE: 12pt\"> - \u00c8 il 1999 quando cinque musicisti, prime parti in alcune delle pi\u00f9 prestigiose orchestre d\u2019Europa e d\u2019oltreoceano, si incontrano, quasi per caso, e danno vita al Gomalan Brass Quintet. Il gruppo, formato da Marco Braito (<I style=\"mso-bidi-font-style: normal\">tromba<\/I>), Marco Pierobon (<I style=\"mso-bidi-font-style: normal\">tromba<\/I>), Nilo Caracristi (<I style=\"mso-bidi-font-style: normal\">corno<\/I>), Gianluca Scipioni (<I style=\"mso-bidi-font-style: normal\">trombone<\/I>), Stefano Ammannati (<I style=\"mso-bidi-font-style: normal\">tuba<\/I>), si dedica a un repertorio che spazia dal rinascimento al melodramma ed alla musica contemporanea senza disdegnare incursioni nel repertorio della musica per film, sulla base di trascrizioni originali o gi\u00e0 esistenti. Lo spettacolo proposto viene continuamente rinnovato e, per la riconosciuta qualit\u00e0 musicale e per la particolare <I style=\"mso-bidi-font-style: normal\">verve<\/I> istrionica dei componenti del quintetto, da dieci anni conquista pubblico e critica di tutto il mondo. Ad appena due anni dalla fondazione, nel novembre 2001, il gruppo si aggiudica il primo premio al Concorso Internazionale \u201cCitt\u00e0 di Passau\u201d, uno dei pi\u00f9 prestigiosi riconoscimenti a livello mondiale nel campo della musica per ottoni, guadagnandosi la stima di ottonisti di rilievo internazionale come Roger Bobo, David Ohanian, Steven Mead, Dale Clevenger e Froydis Ree Wekre, tutti concordi nell\u2019annoverare il Gomalan Brass Quintett tra i gruppi pi\u00f9 interessanti del panorama ottonistico internazionale. Regolarmente presente nelle pi\u00f9 importanti sale da concerto e principali festival italiani (Festival di Stresa, <st1:PersonName w:st=\"on\" ProductID=\"Festival I\">Festival I<\/st1:PersonName> Suoni delle Dolomiti, Auditorium Parco della <st1:PersonName w:st=\"on\">Musica<\/st1:PersonName> di Roma, teatri di Bolzano, Parma, Bologna, Torino, Milano), il quintetto si \u00e8 esibito anche in Canada, Stati Uniti, Inghilterra, Scozia, Germania, Grecia e Svizzera, tenendo <I style=\"mso-bidi-font-style: normal\">masterclass<\/I> al Tanglewood Institute of Music, alla Toronto University of Music, al Royal Northern College of Music di Manchester ed alla University of Music di Glasgow. Nell\u2019estate del 2009 il Gomalan Brass \u00e8 stato impegnato in una <I style=\"mso-bidi-font-style: normal\">tourn\u00e9e<\/I> internazionale che ha previsto cinque date in Giappone, una in Spagna ed una serie di appuntamenti italiani, primo fra tutti quello al musicaRivafestival di Riva del Garda (TN), all\u2019interno del quale il quintetto si dedica, ormai da anni, sia all\u2019attivit\u00e0 concertistica (l\u2019anno scorso con la prima italiana del <I style=\"mso-bidi-font-style: normal\">Concerto per quintetto d\u2019ottoni e orchestra Couleurs du temps<\/I> di Jean Michel Jarre), sia a quella didattica (<I style=\"mso-bidi-font-style: normal\">masterclass<\/I>). I concerti del Gomalan Brass Quintet sono stati trasmessi da numerose emittenti radiofoniche fra cui Bayerisches Rundfunk, Radio Vaticana, Radio Canada, Radio della Svizzera Italiana, <st1:PersonName w:st=\"on\" ProductID=\"Radio Classica\">Radio Classica<\/st1:PersonName>, Radio Tre (per la quale il gruppo ha eseguito diverse prime mondali). Il quintetto ha all\u2019attivo due lavori discografici pubblicati dalla Summit Records. Il terzo per Naxos, <I style=\"mso-bidi-font-style: normal\">Moviebrass<\/I>, disponibile su <A href=\"http:\/\/www.classicsonline.it\/\">www.classicsonline.it<\/A>, a pochi giorni dalla sua uscita, \u00e8 stato uno degli album pi\u00f9 scaricati. \u00c8 disponibile su iTunes, Amazon e ArchivMusic e nei migliori negozi di dischi. \u00c8 dell\u2019autunno 2010 il cofanetto cd-dvd dei <I style=\"mso-bidi-font-style: normal\">live<\/I> di Piacenza e Lodi (2008-2009).<\/SPAN><\/p>\n<p><A name=OLE_LINK4><\/A><A name=OLE_LINK3><SPAN style=\"mso-bookmark: OLE_LINK4\"><B style=\"mso-bidi-font-weight: normal\"><SPAN style=\"LINE-HEIGHT: 115%; FONT-FAMILY: 'Verdana', 'sans-serif'; LETTER-SPACING: -0.4pt; FONT-SIZE: 12pt\">Prezzi biglietti<\/SPAN><\/B><\/SPAN><\/A><SPAN style=\"mso-bookmark: OLE_LINK3\"><SPAN style=\"mso-bookmark: OLE_LINK4\"><SPAN style=\"LINE-HEIGHT: 115%; FONT-FAMILY: 'Verdana', 'sans-serif'; LETTER-SPACING: -0.4pt; FONT-SIZE: 12pt\">: platea \u20ac 46,00 (settore giallo), \u20ac 39,00 (settore rosso), \u20ac 32,00 (settore blu); I loggia \u20ac 39,00 (settore giallo), \u20ac 32,00 (settore rosso), \u20ac 26,00 (settore blu); II loggia \u20ac 13,00 (settore giallo), \u20ac 13,00 (settore rosso), \u20ac 9,00 (settore blu).<\/SPAN><\/SPAN><\/SPAN><\/p>\n<p><SPAN style=\"mso-bookmark: OLE_LINK3\"><SPAN style=\"mso-bookmark: OLE_LINK4\"><SPAN style=\"LINE-HEIGHT: 115%; FONT-FAMILY: 'Verdana', 'sans-serif'; FONT-SIZE: 12pt\">&nbsp;<\/SPAN><\/SPAN><\/SPAN><\/p>\n<p><B style=\"mso-bidi-font-weight: normal\"><SPAN style=\"LINE-HEIGHT: 115%; FONT-FAMILY: 'Verdana', 'sans-serif'; FONT-SIZE: 12pt\">Per informazioni<\/SPAN><\/B><SPAN style=\"LINE-HEIGHT: 115%; FONT-FAMILY: 'Verdana', 'sans-serif'; FONT-SIZE: 12pt\">: <B style=\"mso-bidi-font-weight: normal\"><SPAN style=\"LETTER-SPACING: -0.4pt\">Biglietteria del Teatro Lirico<\/SPAN><\/B><SPAN style=\"LETTER-SPACING: -0.4pt\">, <\/SPAN>via Sant\u2019Alenixedda, 09128 Cagliari, <SPAN style=\"LETTER-SPACING: -0.4pt\">dal luned\u00ec al venerd\u00ec, dalle 10 alle 13, telefono 0704082230 \u2013 0704082249, fax 0704082223, <\/SPAN><A href=\"mailto:biglietteria@teatroliricodicagliari.it;\"><SPAN style=\"LETTER-SPACING: -0.4pt\">biglietteria@teatroliricodicagliari.it;<\/SPAN><\/A><SPAN style=\"LETTER-SPACING: -0.4pt\"> <\/SPAN><A href=\"http:\/\/www.teatroliricodicagliari.it\/\"><SPAN style=\"LETTER-SPACING: -0.4pt\">www.teatroliricodicagliari.it<\/SPAN><\/A><SPAN style=\"LETTER-SPACING: -0.4pt\">; <\/SPAN>prevendita <A href=\"http:\/\/www.greenticket.it\/\">www.greenticket.it<\/A>, call center 899.666.805. <B style=\"mso-bidi-font-weight: normal\">Box Office<\/B>, viale Regina Margherita 43, 09124 Cagliari, dal luned\u00ec al venerd\u00ec dalle 10 alle 13 e dalle 17 alle 20 e il sabato dalle 10 alle 13, telefono +39 070657428.<\/SPAN><\/p>\n","protected":false},"excerpt":{"rendered":"<p>La Stagione concertistica 2010-2011 prosegue con il ventesimo appuntamento, venerd\u00ec 8 aprile alle 20.30 (turno B): per la prima volta al Teatro Lirico di Cagliari,&#8230;<\/p>\n","protected":false},"author":2,"featured_media":0,"comment_status":"closed","ping_status":"closed","sticky":false,"template":"","format":"standard","meta":[],"categories":[49],"tags":[],"_links":{"self":[{"href":"https:\/\/www.cronacaonline.it\/index.php\/wp-json\/wp\/v2\/posts\/66914"}],"collection":[{"href":"https:\/\/www.cronacaonline.it\/index.php\/wp-json\/wp\/v2\/posts"}],"about":[{"href":"https:\/\/www.cronacaonline.it\/index.php\/wp-json\/wp\/v2\/types\/post"}],"author":[{"embeddable":true,"href":"https:\/\/www.cronacaonline.it\/index.php\/wp-json\/wp\/v2\/users\/2"}],"replies":[{"embeddable":true,"href":"https:\/\/www.cronacaonline.it\/index.php\/wp-json\/wp\/v2\/comments?post=66914"}],"version-history":[{"count":0,"href":"https:\/\/www.cronacaonline.it\/index.php\/wp-json\/wp\/v2\/posts\/66914\/revisions"}],"wp:attachment":[{"href":"https:\/\/www.cronacaonline.it\/index.php\/wp-json\/wp\/v2\/media?parent=66914"}],"wp:term":[{"taxonomy":"category","embeddable":true,"href":"https:\/\/www.cronacaonline.it\/index.php\/wp-json\/wp\/v2\/categories?post=66914"},{"taxonomy":"post_tag","embeddable":true,"href":"https:\/\/www.cronacaonline.it\/index.php\/wp-json\/wp\/v2\/tags?post=66914"}],"curies":[{"name":"wp","href":"https:\/\/api.w.org\/{rel}","templated":true}]}}