{"id":66892,"date":"2011-04-14T00:00:00","date_gmt":"2011-04-13T22:00:00","guid":{"rendered":"http:\/\/www.cronacaonline.it\/public\/content\/index.php\/2011\/04\/14\/la-cei-contraria-al-processo-breve\/"},"modified":"2011-04-14T00:00:00","modified_gmt":"2011-04-13T22:00:00","slug":"la-cei-contraria-al-processo-breve","status":"publish","type":"post","link":"https:\/\/www.cronacaonline.it\/index.php\/2011\/04\/14\/la-cei-contraria-al-processo-breve\/","title":{"rendered":"La Cei contraria al processo breve"},"content":{"rendered":"<p><SPAN class=apple-style-span><SPAN style=\"LINE-HEIGHT: 115%; FONT-FAMILY: 'Verdana', 'sans-serif'; COLOR: #222222; FONT-SIZE: 12pt; mso-bidi-font-family: Arial\">Dopo che la maggioranza degli italiani \u00e8 contraria a leggi fatte su misura del cavaliere di \u201chardcore\u201d per salvarla da sicurissime condanne perch\u00e9 le prove raccolte racconterebbe che sarebbe colpevole senza dubbio (come sarebbe stata la condanna sicura del premier in primo grado nel processo Mills dal momento che l\u2019avvocato corrotto \u00e8 stato condannato due volte e poi la pena si <SPAN style=\"mso-spacerun: yes\">&nbsp;<\/SPAN>\u00e8 estinta per prescrizione) ora anche la Cei, con un editoriale in prima pagina su \"<\/SPAN><\/SPAN><EM style=\"FONT-WEIGHT: inherit\"><SPAN style=\"BORDER-BOTTOM: windowtext 1pt; BORDER-LEFT: windowtext 1pt; PADDING-BOTTOM: 0cm; LINE-HEIGHT: 115%; PADDING-LEFT: 0cm; PADDING-RIGHT: 0cm; FONT-FAMILY: 'Verdana', 'sans-serif'; COLOR: #222222; FONT-SIZE: 12pt; BORDER-TOP: windowtext 1pt; BORDER-RIGHT: windowtext 1pt; PADDING-TOP: 0cm; mso-bidi-font-family: Arial; mso-border-alt: none windowtext 0cm\">Avvenire<\/SPAN><\/EM><SPAN class=apple-style-span><SPAN style=\"LINE-HEIGHT: 115%; FONT-FAMILY: 'Verdana', 'sans-serif'; COLOR: #222222; FONT-SIZE: 12pt; mso-bidi-font-family: Arial\">\" boccia senza appello la legge del governo approvata dalla Camera e ora all'esame del Senato.<\/SPAN><\/SPAN><SPAN class=apple-converted-space><SPAN style=\"LINE-HEIGHT: 115%; FONT-FAMILY: 'Verdana', 'sans-serif'; COLOR: #222222; FONT-SIZE: 12pt; mso-bidi-font-family: Arial\">&nbsp;<\/SPAN><\/SPAN><\/p>\n<p><SPAN class=apple-style-span><SPAN style=\"LINE-HEIGHT: 115%; FONT-FAMILY: 'Verdana', 'sans-serif'; COLOR: #222222; FONT-SIZE: 12pt; mso-bidi-font-family: Arial\">\"Al di l\u00e0 delle partigianerie - \u00e8 scritto senza mezzi termine nell'articolo del quotidiano Cei - i nodi della giustizia non saranno sciolti\". Perch\u00e9 come tali \"non vanno intese le urgenze del Presidente del consiglio di risolvere i propri guai con taluni da magistrati di Milano\".<\/SPAN><\/SPAN><\/p>\n<p><SPAN class=apple-style-span><SPAN style=\"LINE-HEIGHT: 115%; FONT-FAMILY: 'Verdana', 'sans-serif'; COLOR: #222222; FONT-SIZE: 12pt; mso-bidi-font-family: Arial\">A giudizio dell'editoriale, si possono anche considerare \"vere entrambe\" tanto le tesi a favore della nuova legge espresse dalla maggioranza e dal governo in queste giornate di esame da parte di una camera caratterizzato da \"deputati in tumulto\" quanto quelle contrarie espresse dalle opposizioni parlamentari e non.<\/SPAN><\/SPAN><\/p>\n<p><SPAN class=apple-style-span><SPAN style=\"LINE-HEIGHT: 115%; FONT-FAMILY: 'Verdana', 'sans-serif'; COLOR: #222222; FONT-SIZE: 12pt; mso-bidi-font-family: Arial\">Ma \"tuttavia sarebbe meglio chiedersi&nbsp; - \u00e8 questo il giudizio conclusivo - a che cosa non servir\u00e0 questa legge definita solo per convenzione sul 'processo breve'. Perch\u00e9 la risposta, purtroppo, \u00e8 che non servir\u00e0 affatto ad accorciare i tempi dei processi.&nbsp; Come tutti i testi analoghi gi\u00e0 presentati in passato, si limiter\u00e0 alla fotografia e<\/SPAN><\/SPAN><SPAN class=apple-converted-space><SPAN style=\"LINE-HEIGHT: 115%; FONT-FAMILY: 'Verdana', 'sans-serif'; COLOR: #222222; FONT-SIZE: 12pt; mso-bidi-font-family: Arial\">&nbsp;<\/SPAN><\/SPAN><SPAN class=apple-style-span><SPAN style=\"LINE-HEIGHT: 115%; FONT-FAMILY: 'Verdana', 'sans-serif'; COLOR: #222222; FONT-SIZE: 12pt; mso-bidi-font-family: Arial\">non alla cura del male. Perch\u00e9 di volta in volta si potr\u00e0 soltanto prendere atto del fallimento di uno stato che non garantisce in tempi ragionevoli ai processi di arrivare a sentenza\".<\/SPAN><\/SPAN><\/SPAN><\/p>\n","protected":false},"excerpt":{"rendered":"<p>Dopo che la maggioranza degli italiani \u00e8 contraria a leggi fatte su misura del cavaliere di \u201chardcore\u201d per salvarla da sicurissime condanne perch\u00e9 le prove&#8230;<\/p>\n","protected":false},"author":2,"featured_media":0,"comment_status":"closed","ping_status":"closed","sticky":false,"template":"","format":"standard","meta":[],"categories":[49],"tags":[],"_links":{"self":[{"href":"https:\/\/www.cronacaonline.it\/index.php\/wp-json\/wp\/v2\/posts\/66892"}],"collection":[{"href":"https:\/\/www.cronacaonline.it\/index.php\/wp-json\/wp\/v2\/posts"}],"about":[{"href":"https:\/\/www.cronacaonline.it\/index.php\/wp-json\/wp\/v2\/types\/post"}],"author":[{"embeddable":true,"href":"https:\/\/www.cronacaonline.it\/index.php\/wp-json\/wp\/v2\/users\/2"}],"replies":[{"embeddable":true,"href":"https:\/\/www.cronacaonline.it\/index.php\/wp-json\/wp\/v2\/comments?post=66892"}],"version-history":[{"count":0,"href":"https:\/\/www.cronacaonline.it\/index.php\/wp-json\/wp\/v2\/posts\/66892\/revisions"}],"wp:attachment":[{"href":"https:\/\/www.cronacaonline.it\/index.php\/wp-json\/wp\/v2\/media?parent=66892"}],"wp:term":[{"taxonomy":"category","embeddable":true,"href":"https:\/\/www.cronacaonline.it\/index.php\/wp-json\/wp\/v2\/categories?post=66892"},{"taxonomy":"post_tag","embeddable":true,"href":"https:\/\/www.cronacaonline.it\/index.php\/wp-json\/wp\/v2\/tags?post=66892"}],"curies":[{"name":"wp","href":"https:\/\/api.w.org\/{rel}","templated":true}]}}