{"id":66881,"date":"2011-04-05T00:00:00","date_gmt":"2011-04-04T22:00:00","guid":{"rendered":"http:\/\/www.cronacaonline.it\/public\/content\/index.php\/2011\/04\/05\/marta-ecca-e-francesco-siciliano-nel-nuovo-esecutivo-di-graziano-milia\/"},"modified":"2011-04-05T00:00:00","modified_gmt":"2011-04-04T22:00:00","slug":"marta-ecca-e-francesco-siciliano-nel-nuovo-esecutivo-di-graziano-milia","status":"publish","type":"post","link":"https:\/\/www.cronacaonline.it\/index.php\/2011\/04\/05\/marta-ecca-e-francesco-siciliano-nel-nuovo-esecutivo-di-graziano-milia\/","title":{"rendered":"Marta Ecca e Francesco Siciliano nel nuovo esecutivo di Graziano Milia."},"content":{"rendered":"<p><SPAN style=\"FONT-FAMILY: 'Verdana', 'sans-serif'; FONT-SIZE: 12pt\">Sono Marta Ecca e Francesco Siciliano i due nuovi volti che il presidente Graziano Milia ha chiamato quest\u2019oggi a far parte dell\u2019esecutivo provinciale. Marta Ecca, 26 anni, studentessa universitaria, nata a San Gavino Monreale, \u00e8<SPAN style=\"mso-spacerun: yes\">&nbsp; <\/SPAN>il nuovo assessore provinciale che si occuper\u00e0 di Politiche giovanili, universit\u00e0, politiche della legalit\u00e0 e della pace. Francesco Siciliano, 43 anni, attore e regista, vice responsabile nazionale dell\u2019informazione e cultura del Pd, nato a Roma, \u00e8 invece il nuovo assessore provinciale alla Cultura e spettacolo.&nbsp;<\/SPAN><\/p>\n<p><SPAN style=\"FONT-FAMILY: 'Verdana', 'sans-serif'; FONT-SIZE: 12pt\"><\/SPAN><SPAN style=\"FONT-FAMILY: 'Verdana', 'sans-serif'; FONT-SIZE: 12pt\">Domani, mercoled\u00ec 6 aprile, alle ore 11,15, nella sala della giunta provinciale di Palazzo Regio, si terr\u00e0 la conferenza stampa di presentazione dei due nuovi assessori. Red<\/SPAN><\/p>\n<p><SPAN style=\"FONT-FAMILY: 'Verdana', 'sans-serif'; FONT-SIZE: 12pt\">&nbsp;<\/SPAN><\/p>\n","protected":false},"excerpt":{"rendered":"<p>Sono Marta Ecca e Francesco Siciliano i due nuovi volti che il presidente Graziano Milia ha chiamato quest\u2019oggi a far parte dell\u2019esecutivo provinciale. Marta Ecca,&#8230;<\/p>\n","protected":false},"author":2,"featured_media":8970,"comment_status":"closed","ping_status":"closed","sticky":false,"template":"","format":"standard","meta":[],"categories":[49],"tags":[],"_links":{"self":[{"href":"https:\/\/www.cronacaonline.it\/index.php\/wp-json\/wp\/v2\/posts\/66881"}],"collection":[{"href":"https:\/\/www.cronacaonline.it\/index.php\/wp-json\/wp\/v2\/posts"}],"about":[{"href":"https:\/\/www.cronacaonline.it\/index.php\/wp-json\/wp\/v2\/types\/post"}],"author":[{"embeddable":true,"href":"https:\/\/www.cronacaonline.it\/index.php\/wp-json\/wp\/v2\/users\/2"}],"replies":[{"embeddable":true,"href":"https:\/\/www.cronacaonline.it\/index.php\/wp-json\/wp\/v2\/comments?post=66881"}],"version-history":[{"count":0,"href":"https:\/\/www.cronacaonline.it\/index.php\/wp-json\/wp\/v2\/posts\/66881\/revisions"}],"wp:featuredmedia":[{"embeddable":true,"href":"https:\/\/www.cronacaonline.it\/index.php\/wp-json\/"}],"wp:attachment":[{"href":"https:\/\/www.cronacaonline.it\/index.php\/wp-json\/wp\/v2\/media?parent=66881"}],"wp:term":[{"taxonomy":"category","embeddable":true,"href":"https:\/\/www.cronacaonline.it\/index.php\/wp-json\/wp\/v2\/categories?post=66881"},{"taxonomy":"post_tag","embeddable":true,"href":"https:\/\/www.cronacaonline.it\/index.php\/wp-json\/wp\/v2\/tags?post=66881"}],"curies":[{"name":"wp","href":"https:\/\/api.w.org\/{rel}","templated":true}]}}