{"id":66861,"date":"2011-04-14T00:00:00","date_gmt":"2011-04-13T22:00:00","guid":{"rendered":"http:\/\/www.cronacaonline.it\/public\/content\/index.php\/2011\/04\/14\/por-la-spisa-anziche-perdersi-in-polemiche-improduttive-la-giunta-ha-gia-segnalato-criticita-e-soluzioni\/"},"modified":"2011-04-14T00:00:00","modified_gmt":"2011-04-13T22:00:00","slug":"por-la-spisa-anziche-perdersi-in-polemiche-improduttive-la-giunta-ha-gia-segnalato-criticita-e-soluzioni","status":"publish","type":"post","link":"https:\/\/www.cronacaonline.it\/index.php\/2011\/04\/14\/por-la-spisa-anziche-perdersi-in-polemiche-improduttive-la-giunta-ha-gia-segnalato-criticita-e-soluzioni\/","title":{"rendered":"Por, La Spisa: \u201cAnzich\u00e9 perdersi in polemiche improduttive la Giunta ha gi\u00e0 segnalato criticit\u00e0 e soluzioni\u201d"},"content":{"rendered":"<p><SPAN class=apple-style-span><SPAN style=\"LINE-HEIGHT: 115%; FONT-FAMILY: 'Verdana', 'sans-serif'; COLOR: black; FONT-SIZE: 12pt\">\u201cAbbiamo sempre informato l\u2019opinione pubblica e il Consiglio sullo stato della spesa dei Fondi Comunitari. Tra l\u2019altro \u00e8 utile ricordare che le criticit\u00e0 sui Por derivano dal fatto che nel biennio 2007-2009, quando cio\u00e8 era al governo della Regione la Giunta precedente, non \u00e8 stato rendicontato neppure un euro. Tanto che<\/SPAN><\/SPAN><SPAN class=apple-converted-space><SPAN style=\"LINE-HEIGHT: 115%; FONT-FAMILY: 'Verdana', 'sans-serif'; COLOR: black; FONT-SIZE: 12pt\">&nbsp;<\/SPAN><\/SPAN><SPAN class=apple-style-span><SPAN style=\"LINE-HEIGHT: 115%; FONT-FAMILY: 'Verdana', 'sans-serif'; COLOR: black; FONT-SIZE: 12pt\"><A href=\"javascript:mails_addtocal(1,%22oggi%22);\"><SPAN style=\"COLOR: #ff8000\">oggi<\/SPAN><\/A><\/SPAN><\/SPAN><SPAN class=apple-converted-space><SPAN style=\"LINE-HEIGHT: 115%; FONT-FAMILY: 'Verdana', 'sans-serif'; COLOR: black; FONT-SIZE: 12pt\">&nbsp;<\/SPAN><\/SPAN><SPAN class=apple-style-span><SPAN style=\"LINE-HEIGHT: 115%; FONT-FAMILY: 'Verdana', 'sans-serif'; COLOR: black; FONT-SIZE: 12pt\">ci troviamo a dover chiudere ancora i periodi compresi tra il 2000-2006 e addirittura tra il 1990-1999. Appena lo scorso ottobre la Commissione europea aveva espresso un giudizio lusinghiero sulla velocit\u00e0 di spesa che sta rispettando i tempi previsti\u201d. <\/SPAN><\/SPAN><\/p>\n<p><SPAN class=apple-style-span><SPAN style=\"LINE-HEIGHT: 115%; FONT-FAMILY: 'Verdana', 'sans-serif'; COLOR: black; FONT-SIZE: 12pt\">\u00c8 quanto afferma il vice presidente della Regione e assessore della Programmazione, Giorgio La Spisa, in merito alle dichiarazioni dell\u2019opposizione sui fondi POR. \u201cLe risorse che rischiano di perdere le regioni italiane ammontano a 8 miliardi \u2013 prosegue l\u2019assessore \u2013 ma questo problema non riguarda la Sardegna che seppure riscontri alcune difficolt\u00e0, non risulta tra le regioni sotto il livello di guardia. E\u2019 stata la stessa Giunta a individuare le criticit\u00e0 nella delibera dello scorso 15 marzo, ma nella stessa sono state anche proposte sette azioni per arrivare alle possibili soluzioni. <\/SPAN><\/SPAN><\/p>\n<p><SPAN class=apple-style-span><SPAN style=\"LINE-HEIGHT: 115%; FONT-FAMILY: 'Verdana', 'sans-serif'; COLOR: black; FONT-SIZE: 12pt\">Saranno infatti predisposti: 1) incontri e verifiche con i responsabili di Linea di Azione (LdA) e con i referenti di Asse per esaminare lo stato di attuazione del programma; 2) incontri bilaterali con i rappresentati della Commissione Europea; 3) compilazione su base bimestrale, di concerto con gli assessorati ed i servizi competenti, di cronogrammi attuativi per monitorare dati di avanzamento e previsionali delle procedure; 4) richiesta delle previsioni di spesa con cadenza bimestrale; 5) esame dei possibili strumenti e modalit\u00e0 di intervento che, nel rispetto della normativa comunitaria consentano di realizzare tempestivamente la spesa programmata (Grandi progetti; iniziative comunitarie Jeremie e Jessica, creazione di fondi quali il Fondo di garanzia, cogaranzia e controgaranzia; studio di un eventuale Fondo per lo sviluppo urbano); 6) ricognizione sui progetti ammissibili alla programmazione regionale unitaria ed operazioni a cavallo da rendicontare sul Por Fesr 2007\/2103; 7) proposta di riprogrammazione del Por Fesr nella direzione di una maggiore concentrazione delle risorse, anche attraverso il ricorso ad un approccio di programmazione integrata (PIA) e a strumenti di ingegneria finanziaria. \u201cLe risorse sono in capo alla Regione solo in minima parte - conclude La Spisa - ed enti locali, imprese e Consiglio regionale devono dare ognuno il proprio contributo all\u2019accelerazione della spesa. Anzich\u00e9 perderci in polemiche improduttive stiamo lavorando insieme alla Commissione europea per superare i ritardi e ottimizzare i tempi di programmazione\u201d.<\/SPAN><\/SPAN><SPAN class=apple-converted-space><SPAN style=\"LINE-HEIGHT: 115%; FONT-FAMILY: 'Verdana', 'sans-serif'; COLOR: black; FONT-SIZE: 12pt\">&nbsp;<\/SPAN><FONT face=\"\"> Red<\/FONT><\/SPAN><\/SPAN><\/p>\n","protected":false},"excerpt":{"rendered":"<p>\u201cAbbiamo sempre informato l\u2019opinione pubblica e il Consiglio sullo stato della spesa dei Fondi Comunitari. Tra l\u2019altro \u00e8 utile ricordare che le criticit\u00e0 sui Por&#8230;<\/p>\n","protected":false},"author":2,"featured_media":0,"comment_status":"closed","ping_status":"closed","sticky":false,"template":"","format":"standard","meta":[],"categories":[49],"tags":[],"_links":{"self":[{"href":"https:\/\/www.cronacaonline.it\/index.php\/wp-json\/wp\/v2\/posts\/66861"}],"collection":[{"href":"https:\/\/www.cronacaonline.it\/index.php\/wp-json\/wp\/v2\/posts"}],"about":[{"href":"https:\/\/www.cronacaonline.it\/index.php\/wp-json\/wp\/v2\/types\/post"}],"author":[{"embeddable":true,"href":"https:\/\/www.cronacaonline.it\/index.php\/wp-json\/wp\/v2\/users\/2"}],"replies":[{"embeddable":true,"href":"https:\/\/www.cronacaonline.it\/index.php\/wp-json\/wp\/v2\/comments?post=66861"}],"version-history":[{"count":0,"href":"https:\/\/www.cronacaonline.it\/index.php\/wp-json\/wp\/v2\/posts\/66861\/revisions"}],"wp:attachment":[{"href":"https:\/\/www.cronacaonline.it\/index.php\/wp-json\/wp\/v2\/media?parent=66861"}],"wp:term":[{"taxonomy":"category","embeddable":true,"href":"https:\/\/www.cronacaonline.it\/index.php\/wp-json\/wp\/v2\/categories?post=66861"},{"taxonomy":"post_tag","embeddable":true,"href":"https:\/\/www.cronacaonline.it\/index.php\/wp-json\/wp\/v2\/tags?post=66861"}],"curies":[{"name":"wp","href":"https:\/\/api.w.org\/{rel}","templated":true}]}}