{"id":66856,"date":"2011-04-12T00:00:00","date_gmt":"2011-04-11T22:00:00","guid":{"rendered":"http:\/\/www.cronacaonline.it\/public\/content\/index.php\/2011\/04\/12\/il-direttore-generale-dellasl-incontra-i-rappresentanti-dei-lavoratori-polsarda\/"},"modified":"2011-04-12T00:00:00","modified_gmt":"2011-04-11T22:00:00","slug":"il-direttore-generale-dellasl-incontra-i-rappresentanti-dei-lavoratori-polsarda","status":"publish","type":"post","link":"https:\/\/www.cronacaonline.it\/index.php\/2011\/04\/12\/il-direttore-generale-dellasl-incontra-i-rappresentanti-dei-lavoratori-polsarda\/","title":{"rendered":"Il direttore generale dell\u2019Asl incontra i rappresentanti dei lavoratori Polsarda"},"content":{"rendered":"<p><SPAN style=\"FONT-FAMILY: 'Verdana', 'sans-serif'; mso-bidi-font-family: Arial\">\u00abAbbiamo necessit\u00e0 che ci arrivino i decreti ingiuntivi esecutivi per poter pagare quello che voi state chiedendo, nel frattempo posso rassicurare sul fatto che a disposizione ci sono le somme e che saranno destinate a voi\u00bb.<\/SPAN><\/p>\n<p><SPAN style=\"FONT-FAMILY: 'Verdana', 'sans-serif'; mso-bidi-font-family: Arial\">Sono le rassicurazioni del direttore generale dell\u2019Asl Marcello Giannico che oggi, nella tarda mattinata, ha ricevuto i rappresentanti sindacali dei lavoratori della Polsarda nella sede di Via Catalocchino. Alla riunione ha partecipato anche il direttore amministrativo dell\u2019Asl, Angela Cavazzuti.<\/SPAN><\/p>\n<p><SPAN style=\"FONT-FAMILY: 'Verdana', 'sans-serif'; mso-bidi-font-family: Arial\">In arrivo ci sarebbero circa 229 decreti ingiuntivi per un valore di oltre 300mila euro. Il direttore generale ha fatto presente inoltre che l\u2019Asl ha gi\u00e0 versato a marzo alla societ\u00e0 la somma di 220mila euro.<\/SPAN><\/p>\n<p><SPAN style=\"FONT-FAMILY: 'Verdana', 'sans-serif'; mso-bidi-font-family: Arial\">\u00abCapiamo le vostre necessit\u00e0 \u2013 ha concluso il manager \u2013 per\u00f2 \u00e8 importante anche che capiate che il nostro interesse \u00e8 indiretto e che per noi \u00e8 importante che venga erogato il servizio\u00bb.<\/SPAN><\/p>\n<p><SPAN style=\"FONT-FAMILY: 'Verdana', 'sans-serif'; mso-bidi-font-family: Arial\">All\u2019incontro erano presenti Sebastiano Crosa della Filcam Cgil, Alessandro Marcellino Fisascat Cisl, Graziano Pazzona Uil Uiltucs, quindi Giovanni Mastrovita, Massimo Tanca e Domenico Nuvoli della Rsa aziendale. Red<\/SPAN><\/p>\n","protected":false},"excerpt":{"rendered":"<p>\u00abAbbiamo necessit\u00e0 che ci arrivino i decreti ingiuntivi esecutivi per poter pagare quello che voi state chiedendo, nel frattempo posso rassicurare sul fatto che a&#8230;<\/p>\n","protected":false},"author":2,"featured_media":0,"comment_status":"closed","ping_status":"closed","sticky":false,"template":"","format":"standard","meta":[],"categories":[49],"tags":[],"_links":{"self":[{"href":"https:\/\/www.cronacaonline.it\/index.php\/wp-json\/wp\/v2\/posts\/66856"}],"collection":[{"href":"https:\/\/www.cronacaonline.it\/index.php\/wp-json\/wp\/v2\/posts"}],"about":[{"href":"https:\/\/www.cronacaonline.it\/index.php\/wp-json\/wp\/v2\/types\/post"}],"author":[{"embeddable":true,"href":"https:\/\/www.cronacaonline.it\/index.php\/wp-json\/wp\/v2\/users\/2"}],"replies":[{"embeddable":true,"href":"https:\/\/www.cronacaonline.it\/index.php\/wp-json\/wp\/v2\/comments?post=66856"}],"version-history":[{"count":0,"href":"https:\/\/www.cronacaonline.it\/index.php\/wp-json\/wp\/v2\/posts\/66856\/revisions"}],"wp:attachment":[{"href":"https:\/\/www.cronacaonline.it\/index.php\/wp-json\/wp\/v2\/media?parent=66856"}],"wp:term":[{"taxonomy":"category","embeddable":true,"href":"https:\/\/www.cronacaonline.it\/index.php\/wp-json\/wp\/v2\/categories?post=66856"},{"taxonomy":"post_tag","embeddable":true,"href":"https:\/\/www.cronacaonline.it\/index.php\/wp-json\/wp\/v2\/tags?post=66856"}],"curies":[{"name":"wp","href":"https:\/\/api.w.org\/{rel}","templated":true}]}}