{"id":66837,"date":"2011-04-10T00:00:00","date_gmt":"2011-04-09T22:00:00","guid":{"rendered":"http:\/\/www.cronacaonline.it\/public\/content\/index.php\/2011\/04\/10\/il-presidente-della-corte-costituzionale-ugo-de-sievo-inammissibili-le-campagne-di-denigrazione-sulla-consulta\/"},"modified":"2011-04-10T00:00:00","modified_gmt":"2011-04-09T22:00:00","slug":"il-presidente-della-corte-costituzionale-ugo-de-sievo-inammissibili-le-campagne-di-denigrazione-sulla-consulta","status":"publish","type":"post","link":"https:\/\/www.cronacaonline.it\/index.php\/2011\/04\/10\/il-presidente-della-corte-costituzionale-ugo-de-sievo-inammissibili-le-campagne-di-denigrazione-sulla-consulta\/","title":{"rendered":"Il presidente della Corte Costituzionale Ugo De Sievo:  &#8220;Inammissibili le campagne di denigrazione sulla Consulta&#8221;"},"content":{"rendered":"<p><SPAN style=\"LINE-HEIGHT: 115%; FONT-FAMILY: 'Verdana', 'sans-serif'; FONT-SIZE: 12pt\">Le incomprensioni tra i responsabili politici e gli organi di giustizia 'sono fisiologiche ma '\u00e8 inammissibile che si giunga a campagne di disinformazione sull'attivit\u00e0 della Corte costituzionale o di denigrazione dei singoli giudici o dell'intero organo'. Lo ha detto il presidente della Corte Costituzionale Ugo De Siervo nella sua \u201clectio magistralis\u201d tenuta stamani alla Spezia.<\/SPAN><\/p>\n<p><SPAN style=\"LINE-HEIGHT: 115%; FONT-FAMILY: 'Verdana', 'sans-serif'; FONT-SIZE: 12pt\">'La fedelt\u00e0 sostanziale alla Costituzione - ha aggiunto - spetta a tutti i soggetti istituzionali e sociali'. Dinanzi a una sentenza che dichiara l'illegittimit\u00e0 costituzionale di una norma di legge, ha spiegato il presidente della Consulta, 'non si pu\u00f2 asserire che sarebbe con ci\u00f2 negata la sovranit\u00e0 popolare rappresentata dall'organo legislativo che questa legge ha voluto o ha comunque mantenuto in vigore'.<\/SPAN><\/p>\n<p><SPAN style=\"LINE-HEIGHT: 115%; FONT-FAMILY: 'Verdana', 'sans-serif'; FONT-SIZE: 12pt\">Secondo De Siervo occorre invece 'porsi il problema di come \u00e8 possibile che un organo rappresentativo non si sia reso conto di mantenere in vita disposizioni contrarie a principi non disponibili o addirittura abbia consapevolmente posto in essere qualcosa di vietato dalla Costituzione e cio\u00e8 dalla fonte che \u00e8 alla base della sua stessa legittimazione'. Lo Stato di diritto - ha concluso il presidente - 'e' sorto in polemica con i Principi che si ritenessero 'legibus soluti', cio\u00e8 al di sopra della legge. Anche da questo vengono tutte le disposizioni costituzionali finalizzate a garantire la piena indipendenza della magistratura ordinaria e la limitatezza alle normative di privilegi\u00f2.<\/SPAN><\/p>\n","protected":false},"excerpt":{"rendered":"<p>Le incomprensioni tra i responsabili politici e gli organi di giustizia &#8216;sono fisiologiche ma &#8216;\u00e8 inammissibile che si giunga a campagne di disinformazione sull&#8217;attivit\u00e0 della&#8230;<\/p>\n","protected":false},"author":2,"featured_media":9180,"comment_status":"closed","ping_status":"closed","sticky":false,"template":"","format":"standard","meta":[],"categories":[49],"tags":[],"_links":{"self":[{"href":"https:\/\/www.cronacaonline.it\/index.php\/wp-json\/wp\/v2\/posts\/66837"}],"collection":[{"href":"https:\/\/www.cronacaonline.it\/index.php\/wp-json\/wp\/v2\/posts"}],"about":[{"href":"https:\/\/www.cronacaonline.it\/index.php\/wp-json\/wp\/v2\/types\/post"}],"author":[{"embeddable":true,"href":"https:\/\/www.cronacaonline.it\/index.php\/wp-json\/wp\/v2\/users\/2"}],"replies":[{"embeddable":true,"href":"https:\/\/www.cronacaonline.it\/index.php\/wp-json\/wp\/v2\/comments?post=66837"}],"version-history":[{"count":0,"href":"https:\/\/www.cronacaonline.it\/index.php\/wp-json\/wp\/v2\/posts\/66837\/revisions"}],"wp:featuredmedia":[{"embeddable":true,"href":"https:\/\/www.cronacaonline.it\/index.php\/wp-json\/"}],"wp:attachment":[{"href":"https:\/\/www.cronacaonline.it\/index.php\/wp-json\/wp\/v2\/media?parent=66837"}],"wp:term":[{"taxonomy":"category","embeddable":true,"href":"https:\/\/www.cronacaonline.it\/index.php\/wp-json\/wp\/v2\/categories?post=66837"},{"taxonomy":"post_tag","embeddable":true,"href":"https:\/\/www.cronacaonline.it\/index.php\/wp-json\/wp\/v2\/tags?post=66837"}],"curies":[{"name":"wp","href":"https:\/\/api.w.org\/{rel}","templated":true}]}}