{"id":66820,"date":"2011-04-08T00:00:00","date_gmt":"2011-04-07T22:00:00","guid":{"rendered":"http:\/\/www.cronacaonline.it\/public\/content\/index.php\/2011\/04\/08\/domani-sera-tappa-a-serrenti-per-il-solo-tour-di-niccolo-fabi-teatro-comunale-ore-21\/"},"modified":"2011-04-08T00:00:00","modified_gmt":"2011-04-07T22:00:00","slug":"domani-sera-tappa-a-serrenti-per-il-solo-tour-di-niccolo-fabi-teatro-comunale-ore-21","status":"publish","type":"post","link":"https:\/\/www.cronacaonline.it\/index.php\/2011\/04\/08\/domani-sera-tappa-a-serrenti-per-il-solo-tour-di-niccolo-fabi-teatro-comunale-ore-21\/","title":{"rendered":"Domani sera tappa a Serrenti per il Solo Tour di Niccol\u00f2 Fabi (Teatro Comunale, ore 21)."},"content":{"rendered":"<p><SPAN style=\"LINE-HEIGHT: 115%; FONT-FAMILY: 'Verdana', 'sans-serif'; COLOR: black; FONT-SIZE: 12pt; mso-bidi-font-family: 'Times New Roman'; mso-fareast-font-family: 'Times New Roman'; mso-fareast-language: IT\">Dopo Mimmo Locasciulli \u00e8 il turno di&nbsp;<\/SPAN><U><SPAN style=\"LINE-HEIGHT: 115%; FONT-FAMILY: 'Verdana', 'sans-serif'; COLOR: blue; FONT-SIZE: 12pt; mso-bidi-font-family: 'Times New Roman'; mso-fareast-font-family: 'Times New Roman'; mso-fareast-language: IT\"><a href=\"http:\/\/www.niccolofabi.it\/\" target=\"_blank\" rel=\"noopener noreferrer\"><SPAN style=\"COLOR: blue; mso-bidi-font-weight: bold\">Niccol\u00f2 Fabi<\/SPAN><\/A><\/SPAN><\/U><SPAN style=\"LINE-HEIGHT: 115%; FONT-FAMILY: 'Verdana', 'sans-serif'; COLOR: black; FONT-SIZE: 12pt; mso-bidi-font-family: 'Times New Roman'; mso-fareast-font-family: 'Times New Roman'; mso-fareast-language: IT\">: prosegue nel segno della canzone d'autore il trittico di concerti in programma a&nbsp;<SPAN style=\"mso-bidi-font-weight: bold\">Serrenti<\/SPAN>&nbsp;per \u201cForma e poesia nel jazz\u201d. La rassegna organizzata da&nbsp;<a href=\"http:\/\/www.shannaraspettacolo.it\/\" target=\"_blank\" rel=\"noopener noreferrer\"><SPAN style=\"COLOR: blue\">Shannara<\/SPAN><\/A>, che per questo fine settimana ha trasferito i suoi riflettori da Cagliari nel paese del Medio Campidano,&nbsp;<SPAN style=\"mso-bidi-font-weight: bold\"><A href=\"javascript:mails_addtocal(2,%22domani%22);\"><SPAN style=\"COLOR: #ff8000; TEXT-DECORATION: none; text-underline: none\">domani<\/SPAN><\/A>&nbsp;sera<\/SPAN>&nbsp;(sabato 9) ospita la seconda tappa del&nbsp;<\/SPAN><U><SPAN style=\"LINE-HEIGHT: 115%; FONT-FAMILY: 'Verdana', 'sans-serif'; COLOR: blue; FONT-SIZE: 12pt; mso-bidi-font-family: 'Times New Roman'; mso-fareast-font-family: 'Times New Roman'; mso-fareast-language: IT\"><a href=\"http:\/\/www.niccolofabi.it\/solo-tour-2011\/\" target=\"_blank\" rel=\"noopener noreferrer\"><SPAN style=\"COLOR: blue; mso-bidi-font-weight: bold\">Solo Tour<\/SPAN><\/A><\/SPAN><\/U><SPAN style=\"LINE-HEIGHT: 115%; FONT-FAMILY: 'Verdana', 'sans-serif'; COLOR: black; FONT-SIZE: 12pt; mso-bidi-font-family: 'Times New Roman'; mso-fareast-font-family: 'Times New Roman'; mso-fareast-language: IT\">&nbsp;dell'artista romano che ha preso il via questo mercoled\u00ec. Si comincia&nbsp;<SPAN style=\"mso-bidi-font-weight: bold\">alle 21<\/SPAN>&nbsp;al&nbsp;<SPAN style=\"mso-bidi-font-weight: bold\">Teatro Comunale<\/SPAN>&nbsp;con ingresso a 10 euro.<\/SPAN><\/p>\n<p><SPAN style=\"LINE-HEIGHT: 115%; FONT-FAMILY: 'Verdana', 'sans-serif'; COLOR: black; FONT-SIZE: 12pt; mso-bidi-font-family: 'Times New Roman'; mso-fareast-font-family: 'Times New Roman'; mso-fareast-language: IT\">E' la prima volta nella sua carriera che&nbsp;<SPAN style=\"mso-bidi-font-weight: bold\">Niccol\u00f2 Fabi<\/SPAN>&nbsp;si presenta \u201cen solitaire\u201d,&nbsp;in compagnia soltanto delle sue parole e dei suoi strumenti (chitarre, tastiere, percussioni). Una sfida che lui stesso ha commentato cos\u00ec:&nbsp;<I>\u201cSe essere artista \u00e8 anche e soprattutto inseguire nuove idee, non accontentarsi, porsi nuovi ostacoli e superarli, allora un concerto in cui si \u00e8 soli sul palcoscenico diventa una tappa fondamentale, quasi obbligata di ogni percorso di crescita artistica.\u201d<\/I>&nbsp;E ancora: \u201c<I>Come nel monologo per un attore, \u00e8 il momento in cui ci si assume la responsabilit\u00e0 personale pi\u00f9 grande e rischiosa: quella di offrirsi nudi senza protezione di fronte al pubblico\u201d.<\/I>&nbsp;<\/SPAN><\/p>\n<p><SPAN style=\"LINE-HEIGHT: 115%; FONT-FAMILY: 'Verdana', 'sans-serif'; COLOR: black; FONT-SIZE: 12pt; mso-bidi-font-family: 'Times New Roman'; mso-fareast-font-family: 'Times New Roman'; mso-fareast-language: IT\">Cantautore colto e raffinato, oltre che uomo di grande sensibilit\u00e0, Niccol\u00f2 Fabi arriva al suo Solo Tour reduce dall'intensa esperienza di&nbsp;<I><SPAN style=\"mso-bidi-font-weight: bold\">\u201c<\/SPAN><\/I><\/SPAN><U><SPAN style=\"LINE-HEIGHT: 115%; FONT-FAMILY: 'Verdana', 'sans-serif'; COLOR: blue; FONT-SIZE: 12pt; mso-bidi-font-family: 'Times New Roman'; mso-fareast-font-family: 'Times New Roman'; mso-fareast-language: IT\"><a href=\"http:\/\/www.paroledilulu.it\/index.html\" target=\"_blank\" rel=\"noopener noreferrer\"><I><SPAN style=\"COLOR: blue; mso-bidi-font-weight: bold\">Parole di Lul\u00f9<\/SPAN><\/I><\/A><\/SPAN><\/U><I><SPAN style=\"LINE-HEIGHT: 115%; FONT-FAMILY: 'Verdana', 'sans-serif'; COLOR: black; FONT-SIZE: 12pt; mso-bidi-font-family: 'Times New Roman'; mso-fareast-font-family: 'Times New Roman'; mso-fareast-language: IT; mso-bidi-font-weight: bold\">\u201d<\/SPAN><\/I><SPAN style=\"LINE-HEIGHT: 115%; FONT-FAMILY: 'Verdana', 'sans-serif'; COLOR: black; FONT-SIZE: 12pt; mso-bidi-font-family: 'Times New Roman'; mso-fareast-font-family: 'Times New Roman'; mso-fareast-language: IT\">, il progetto benefico per i bambini dell'Angola che ha ideato e realizzato&nbsp;in collaborazione con l'organizzazione non governativa&nbsp;<\/SPAN><U><SPAN style=\"LINE-HEIGHT: 115%; FONT-FAMILY: 'Verdana', 'sans-serif'; COLOR: blue; FONT-SIZE: 12pt; mso-bidi-font-family: 'Times New Roman'; mso-fareast-font-family: 'Times New Roman'; mso-fareast-language: IT\"><a href=\"http:\/\/www.cuamm.org\/chi-siamo\" target=\"_blank\" rel=\"noopener noreferrer\"><SPAN style=\"COLOR: blue\">Medici con l\u2019Africa Cuamm<\/SPAN><\/A><\/SPAN><\/U><SPAN style=\"LINE-HEIGHT: 115%; FONT-FAMILY: 'Verdana', 'sans-serif'; COLOR: black; FONT-SIZE: 12pt; mso-bidi-font-family: 'Times New Roman'; mso-fareast-font-family: 'Times New Roman'; mso-fareast-language: IT\">. Un progetto partito lo scorso 30 agosto quando Niccol\u00f2 Fabi ha organizzato&nbsp;al Casale sul Treja, vicino a Roma, un concerto per onorare il ricordo \u2013 proprio nel giorno in cui avrebbe dovuto compiere due anni - della figlioletta Olivia, soprannominata Lul\u00f9, appunto, prematuramente scomparsa poche settimane prima (il 3 luglio) a seguito di una forma acuta di meningite. Pensato in origine per un ristretto gruppo di amici, l'evento si \u00e8 trasformato in un grande concerto di dodici ore che ha visto la partecipazione di oltre cinquanta musicisti \u2013 tra cui Max Gazz\u00e8, Alex Britti, Marina Rei, Daniele Silvestri, Paola Turci, Gianni Morandi, Claudio Baglioni, Fiorella Mannoia, Jovanotti, Elisa - e circa ventimila spettatori. Attraverso offerte libere e l\u2019acquisto di magliette, sono stati raccolti i fondi a favore di Medici con l\u2019Africa CUAMM per la costruzione di un nuovo reparto pediatrico all\u2019ospedale di Chiulo, in Angola.&nbsp;<\/SPAN><\/p>\n<p><SPAN style=\"LINE-HEIGHT: 115%; FONT-FAMILY: 'Verdana', 'sans-serif'; COLOR: black; FONT-SIZE: 12pt; mso-bidi-font-family: 'Times New Roman'; mso-fareast-font-family: 'Times New Roman'; mso-fareast-language: IT\">A fine novembre \u00e8 uscito poi il singolo&nbsp;<SPAN style=\"mso-bidi-font-weight: bold\">\u201c<I>Parole parole\u201d<\/I><\/SPAN><I>,&nbsp;<\/I>un inedito duetto tra Niccol\u00f2 Fabi e&nbsp;<SPAN style=\"mso-bidi-font-weight: bold\">Mina<\/SPAN>&nbsp;che rivisita in modo originale una delle canzoni che hanno fatto la storia della musica nostrana.&nbsp;Rimasto a lungo in rotazione sui principali network nazionali, il brano compare anche nel cofanetto&nbsp;<I>\u201cParole di Lul\u00f9\u201d,&nbsp;<\/I>uscito a dicembre in tutti i negozi Feltrinelli, che contiene il dvd con&nbsp;il videoracconto del concerto del 30 agosto al Casale sul Treja: i proventi delle vendite vengono devoluti ancora a Medici con l\u2019Africa Cuamm, ma stavolta con l'obiettivo di fornire il reparto pediatrico di Chiulo delle attrezzature e dei medicinali e necessari. Red-com<\/SPAN><\/p>\n","protected":false},"excerpt":{"rendered":"<p>Dopo Mimmo Locasciulli \u00e8 il turno di&nbsp;Niccol\u00f2 Fabi: prosegue nel segno della canzone d&#8217;autore il trittico di concerti in programma a&nbsp;Serrenti&nbsp;per \u201cForma e poesia nel&#8230;<\/p>\n","protected":false},"author":2,"featured_media":0,"comment_status":"closed","ping_status":"closed","sticky":false,"template":"","format":"standard","meta":[],"categories":[49],"tags":[],"_links":{"self":[{"href":"https:\/\/www.cronacaonline.it\/index.php\/wp-json\/wp\/v2\/posts\/66820"}],"collection":[{"href":"https:\/\/www.cronacaonline.it\/index.php\/wp-json\/wp\/v2\/posts"}],"about":[{"href":"https:\/\/www.cronacaonline.it\/index.php\/wp-json\/wp\/v2\/types\/post"}],"author":[{"embeddable":true,"href":"https:\/\/www.cronacaonline.it\/index.php\/wp-json\/wp\/v2\/users\/2"}],"replies":[{"embeddable":true,"href":"https:\/\/www.cronacaonline.it\/index.php\/wp-json\/wp\/v2\/comments?post=66820"}],"version-history":[{"count":0,"href":"https:\/\/www.cronacaonline.it\/index.php\/wp-json\/wp\/v2\/posts\/66820\/revisions"}],"wp:attachment":[{"href":"https:\/\/www.cronacaonline.it\/index.php\/wp-json\/wp\/v2\/media?parent=66820"}],"wp:term":[{"taxonomy":"category","embeddable":true,"href":"https:\/\/www.cronacaonline.it\/index.php\/wp-json\/wp\/v2\/categories?post=66820"},{"taxonomy":"post_tag","embeddable":true,"href":"https:\/\/www.cronacaonline.it\/index.php\/wp-json\/wp\/v2\/tags?post=66820"}],"curies":[{"name":"wp","href":"https:\/\/api.w.org\/{rel}","templated":true}]}}