{"id":66809,"date":"2011-04-23T00:00:00","date_gmt":"2011-04-22T22:00:00","guid":{"rendered":"http:\/\/www.cronacaonline.it\/public\/content\/index.php\/2011\/04\/23\/i-sindaci-della-provincia-di-olbia-tempio-si-mobilitano-contro-il-caro-biglietti-delle-navi-il-28-aprile-allisola-bianca-saremo-tutti-mobilitati\/"},"modified":"2011-04-23T00:00:00","modified_gmt":"2011-04-22T22:00:00","slug":"i-sindaci-della-provincia-di-olbia-tempio-si-mobilitano-contro-il-caro-biglietti-delle-navi-il-28-aprile-allisola-bianca-saremo-tutti-mobilitati","status":"publish","type":"post","link":"https:\/\/www.cronacaonline.it\/index.php\/2011\/04\/23\/i-sindaci-della-provincia-di-olbia-tempio-si-mobilitano-contro-il-caro-biglietti-delle-navi-il-28-aprile-allisola-bianca-saremo-tutti-mobilitati\/","title":{"rendered":"I sindaci della provincia di Olbia-Tempio si mobilitano contro il caro biglietti delle navi: Il 28 aprile, all\u2019Isola Bianca, saremo tutti mobilitati\u201d."},"content":{"rendered":"<p><SPAN style=\"FONT-FAMILY: 'Verdana', 'sans-serif'\">\u201cSi spendono cifre spropositate per i trasferimenti in nave da e per la Sardegna. Il Governo deve intervenire persuadendo gli armatori ad abbassare i prezzi dei biglietti. I sindaci di La Maddalena, Palau e Gofo Aranci, Angelo Comiti, Pietro Cuccu e Giuseppe Fasolino sono allarmati per il calo delle prenotazioni che rischia di compromettere la stagione turistica. Parteciperanno con gli altri comuni della Gallura all\u2019iniziativa voluta dal presidente della Provincia di Olbia-Tempio Fedele Sanciu.<SPAN style=\"mso-spacerun: yes\">&nbsp; <\/SPAN><\/SPAN><\/p>\n<p><SPAN style=\"LINE-HEIGHT: 115%; FONT-FAMILY: 'Verdana', 'sans-serif'; FONT-SIZE: 14pt\">\u201cIl problema del rincaro delle tariffe \u00e8 insostenibile. Parteciperemo al Consiglio provinciale aperto del 28 aprile all\u2019isola Bianca per dare un segnale forte al Governo affinch\u00e9 intervenga sugli armatori\u201d.<\/SPAN><\/p>\n<p><SPAN style=\"LINE-HEIGHT: 115%; FONT-FAMILY: 'Verdana', 'sans-serif'; FONT-SIZE: 14pt\">Il sindaco di La Maddalena Angelo Comiti annuncia cos\u00ec la sua partecipazione all\u2019iniziativa voluta dal presidente della Provincia Fedele Sanciu che il 28 aprile, alle 10.30, nel Porto di Olbia ha convocato l\u2019Assemblea provinciale, insieme a tutti i consigli comunali della Gallura , alle associazioni di categoria, ai sindacati, ai consigli provinciali della Sardegna, al presidente della Regione Cappellacci, agli assessori regionali e naturalmente ai cittadini. L\u2019obiettivo \u00e8 di avviare una grande mobilitazione politica e di popolo che porti al riconoscimento dello status di <I style=\"mso-bidi-font-style: normal\">insularit\u00e0<\/I> dei sardi. <\/SPAN><\/p>\n<p><SPAN style=\"LINE-HEIGHT: 115%; FONT-FAMILY: 'Verdana', 'sans-serif'; FONT-SIZE: 14pt\">Comiti pone anche l\u2019accento sul problema della doppia insularit\u00e0 vissuta dai cittadini della Maddalena. \u201cOra arriviamo a<SPAN style=\"mso-spacerun: yes\">&nbsp; <\/SPAN>spendere<SPAN style=\"mso-spacerun: yes\">&nbsp; <\/SPAN>cifre spropositate per fare appena qualche chilometro, in<SPAN style=\"mso-spacerun: yes\">&nbsp; <\/SPAN>linea d\u2019aria, tra la Maddalena e Palau. La soluzione \u00e8 quella di creare subito una nuova societ\u00e0 a capitale regionale che sostituisca la Saremar che garantisca la collettivit\u00e0 sul trasporto pubblico locale agendo da \u2018calmieratore\u2019, ma apra allo stesso tempo prospettive<SPAN style=\"mso-spacerun: yes\">&nbsp; <\/SPAN>per l\u2019ingresso delle compagnie private che operano sulle tratte residuali che danno occupazione a tanti cittadini maddalenini\u201d.<\/SPAN><\/p>\n<p><SPAN style=\"LINE-HEIGHT: 115%; FONT-FAMILY: 'Verdana', 'sans-serif'; FONT-SIZE: 14pt\">Sul rincaro dei<SPAN style=\"mso-spacerun: yes\">&nbsp; <\/SPAN>trasporti tra la Sardegna e la penisola,<SPAN style=\"mso-spacerun: yes\">&nbsp; <\/SPAN>Comiti individua il bandolo della matassa nella privatizzazione della Tirrenia. \u201cFintanto che non si chiuder\u00e0 questa partita, il Governo dovr\u00e0 intervenire sulle compagnie private di navigazione per <SPAN style=\"mso-spacerun: yes\">&nbsp;<\/SPAN>far ridurre i prezzi. Non \u00e8 possibile infatti \u2013 continua il sindaco \u2013 che dai 450 euro circa che una famiglia spendeva nel 2010, tra andata e ritorno, con auto al seguito, per il viaggio tra la Penisola e la Sardegna, ora si vadano a spendere oltre 900 euro. Se gli armatori dovessero abbassare i prezzi ora, gli operatori turistici sarebbero ancora in grado di recuperare la stagione e limitare i danni causati dalle disdette, dopo potrebbe essere troppo tardi. Il 28 saremo tutti presenti all\u2019isola Bianca\u201d. <\/SPAN><\/p>\n<p><SPAN style=\"LINE-HEIGHT: 115%; FONT-FAMILY: 'Verdana', 'sans-serif'; FONT-SIZE: 14pt\">\u201cDalle notizie che abbiamo avuto il calo delle prenotazioni \u00e8 arrivato al 38 % in alcune aree della Gallura, un disastro al quale si deve porre subito rimedio\u201d , aggiunge il sindaco di Palau Pietro<SPAN style=\"mso-spacerun: yes\">&nbsp; <\/SPAN>Cuccu. \u201cCi mobiliteremo tutti il 28 aprile, all\u2019isola Bianca, per scongiurare il peggio\u201d.<\/SPAN><\/p>\n<p><SPAN style=\"LINE-HEIGHT: 115%; FONT-FAMILY: 'Verdana', 'sans-serif'; FONT-SIZE: 14pt\">\u201cLa soluzione prospettata dalla Regione, con la quale siamo in stretto contatto, e cio\u00e8 quella di affittare le navi, mi sembra buona e serve per tamponare l\u2019emergenza. Cos\u00ec si riuscirebbe a salvare la stagione turistica che sta per iniziare, altrimenti i viaggi in Sardegna<SPAN style=\"mso-spacerun: yes\">&nbsp; <\/SPAN>diventerebbero una cosa per pochi mentre noi dobbiamo difendere<SPAN style=\"mso-spacerun: yes\">&nbsp; <\/SPAN>i flussi turistici che abbiamo avuto finora. Palau ad esempio, in tutti questi anni ha puntato su un turismo familiare che va tutelato perch\u00e9 si rivolge proprio alle famiglie a reddito medio che rappresentano la maggioranza dei viaggiatori che arrivano in Sardegna\u201d, conclude Cuccu.<\/SPAN><\/p>\n<p><SPAN style=\"LINE-HEIGHT: 115%; FONT-FAMILY: 'Verdana', 'sans-serif'; FONT-SIZE: 14pt\">\u201cSiamo di fronte ad una situazione drammatica .- aggiunge il sindaco di Golfo Aranci Giuseppe Fasolino -<SPAN style=\"mso-spacerun: yes\">&nbsp; <\/SPAN>i numeri che stiamo ricevendo sono di segno negativo. Da gennaio ad oggi c\u2019 \u00e8 stato un calo di presenze del 16%. Se questo dato dovesse rimanere tale, per il resto della stagione si profila un disastro\u201d.<\/SPAN><\/p>\n<p><SPAN style=\"LINE-HEIGHT: 115%; FONT-FAMILY: 'Verdana', 'sans-serif'; FONT-SIZE: 14pt\">\u201cConsiderando che quest\u2019anno per la Sardegna la stagione turistica poteva essere da record visto quello che sta accadendo in Nord Africa, ci si deve impegnare per cambiare le cose. La Regione ad esempio deve profondere un forte impegno per <\/SPAN><\/p>\n<p><SPAN style=\"LINE-HEIGHT: 115%; FONT-FAMILY: 'Verdana', 'sans-serif'; FONT-SIZE: 14pt\">&nbsp;<\/SPAN><\/p>\n<p><SPAN style=\"LINE-HEIGHT: 115%; FONT-FAMILY: 'Verdana', 'sans-serif'; FONT-SIZE: 14pt\">risolvere il problema del caro-biglietti riservando al turismo la stessa attenzione che sta riservando ad altri settori come ad esempio quello dell\u2019industria chimica, che non ha certo lo stesse prospettive e per la quale si quale si stanziano enormi risorse\u201d.<\/SPAN><\/p>\n<p><SPAN style=\"LINE-HEIGHT: 115%; FONT-FAMILY: 'Verdana', 'sans-serif'; FONT-SIZE: 14pt\">\u201cDobbiamo considerare poi un altro aspetto \u2013 conclude Fasolino \u2013 manca nel\u2019isola un piano serio dei trasporti, e anche su questo dobbiamo lavorare. Ad esempio se esistesse un servizio navetta tra gli aeroporti di Olbia ed Alghero si potrebbe arrivare in Gallura attraverso Alghero e viceversa, producendo cos\u00ec un\u2019offerta formidabile, a livello internazionale, per il Nord Sardegna. Il 28 saremo all\u2019Isola Bianca\u201d.<SPAN style=\"mso-spacerun: yes\">&nbsp;&nbsp;&nbsp; <\/SPAN><\/SPAN><\/p>\n","protected":false},"excerpt":{"rendered":"<p>\u201cSi spendono cifre spropositate per i trasferimenti in nave da e per la Sardegna. Il Governo deve intervenire persuadendo gli armatori ad abbassare i prezzi&#8230;<\/p>\n","protected":false},"author":2,"featured_media":0,"comment_status":"closed","ping_status":"closed","sticky":false,"template":"","format":"standard","meta":[],"categories":[49],"tags":[],"_links":{"self":[{"href":"https:\/\/www.cronacaonline.it\/index.php\/wp-json\/wp\/v2\/posts\/66809"}],"collection":[{"href":"https:\/\/www.cronacaonline.it\/index.php\/wp-json\/wp\/v2\/posts"}],"about":[{"href":"https:\/\/www.cronacaonline.it\/index.php\/wp-json\/wp\/v2\/types\/post"}],"author":[{"embeddable":true,"href":"https:\/\/www.cronacaonline.it\/index.php\/wp-json\/wp\/v2\/users\/2"}],"replies":[{"embeddable":true,"href":"https:\/\/www.cronacaonline.it\/index.php\/wp-json\/wp\/v2\/comments?post=66809"}],"version-history":[{"count":0,"href":"https:\/\/www.cronacaonline.it\/index.php\/wp-json\/wp\/v2\/posts\/66809\/revisions"}],"wp:attachment":[{"href":"https:\/\/www.cronacaonline.it\/index.php\/wp-json\/wp\/v2\/media?parent=66809"}],"wp:term":[{"taxonomy":"category","embeddable":true,"href":"https:\/\/www.cronacaonline.it\/index.php\/wp-json\/wp\/v2\/categories?post=66809"},{"taxonomy":"post_tag","embeddable":true,"href":"https:\/\/www.cronacaonline.it\/index.php\/wp-json\/wp\/v2\/tags?post=66809"}],"curies":[{"name":"wp","href":"https:\/\/api.w.org\/{rel}","templated":true}]}}