{"id":66804,"date":"2011-04-13T00:00:00","date_gmt":"2011-04-12T22:00:00","guid":{"rendered":"http:\/\/www.cronacaonline.it\/public\/content\/index.php\/2011\/04\/13\/conferenza-servizi-presidente-cappellacci-su-marea-nera-passaggio-importante-per-garantire-a-brevissimo-la-fruibilita-dei-litorali\/"},"modified":"2011-04-13T00:00:00","modified_gmt":"2011-04-12T22:00:00","slug":"conferenza-servizi-presidente-cappellacci-su-marea-nera-passaggio-importante-per-garantire-a-brevissimo-la-fruibilita-dei-litorali","status":"publish","type":"post","link":"https:\/\/www.cronacaonline.it\/index.php\/2011\/04\/13\/conferenza-servizi-presidente-cappellacci-su-marea-nera-passaggio-importante-per-garantire-a-brevissimo-la-fruibilita-dei-litorali\/","title":{"rendered":"Conferenza servizi &#8211; Presidente Cappellacci su Marea nera: &#8220;Passaggio importante per garantire a brevissimo la fruibilit\u00e0 dei litorali&#8221;."},"content":{"rendered":"<p>Nel corso della Conferenza dei servizi, convocata quest'oggi, a Cagliari, a Villa Devoto, il presidente della Regione Ugo Cappellacci ha fatto il punto sullo stato del risanamento dalla marea nera con Eon, enti e amministrazioni locali.<\/p>\n<p>Tra le azioni da seguire per restituire alle comunit\u00e0 quelle parti di territorio ancora precluse e per garantire un avvio senza problemi della stagione estiva, l'accelerazione della revoca dei divieti ancora esistenti nelle spiagge interessate dallo sversamento di olio combustibile sul litorale del Nord Sardegna dello scorso gennaio e ultimare al pi\u00f9 presto le bonifiche dei tratti di costa ancora eventualmente contaminati. <\/p>\n<p>Alla Conferenza erano presenti l\u2019autorit\u00e0 delegata del Comitato regionale, Oscar Serci, e gli assessori del Turismo Luigi Crisponi e degli Enti locali Nicola Rassu, oltre ad Arpas di Sassari, Ispra, Province di Olbia Tempio e Sassari, i Comuni di Porto Torres, Sorso, Castelsardo, Stintino Santa Teresa Gallura, Aglientu, Valledoria, Badesi e Trinit\u00e0 d\u2019Agultu, Direzione Marittima di Olbia. <\/p>\n<p>Nel corso dell'evento \u00e8 stato approvato il piano di caratterizzazione ambientale (che riassume i quattro presentati e che rileva possibili contaminazioni dei siti), propedeutico al programma operativo che dovr\u00e0 partire a brevissimo con un preciso crono-programma. <\/p>\n<p>\"Quello di oggi \u00e8 stato un passaggio importante \u2013 ha sottolineato il presidente Cappellacci \u2013 perch\u00e9 siano velocizzate tutte le procedure di indagine ed eventuali bonifiche residue, in modo da garantire a brevissimo la fruibilit\u00e0 dei litorali. Voglio anche ringraziare il lavoro di squadra di enti e istituzioni interessati, un lavoro che oggi ha permesso di arrivare all\u2019approvazione di un piano unico di caratterizzazione ambientale, condizione necessaria per accelerare tutto l\u2019iter\". <\/p>\n<p>Si sono detti soddisfatti anche i sindaci e gli amministratori locali presenti all\u2019incontro: \"Sono state accolte le nostre richieste \u2013 ha detto il primo cittadino di Castelsardo, Matteo Santoni - sul campionamento con un sistema che permette risultati pi\u00f9 adeguati\". Per Davide Tellini, assessore dell\u2019Ambiente di Porto Torres, \"si \u00e8 fatto un buon lavoro di squadra, ora auspichiamo celerit\u00e0 sugli interventi di campionamento per rendere fruibili quanto prima le spiagge\". Anche per il sindaco di Santa Teresa, Stefano Pisciottu, la Conferenza \u00e8 stata positiva: \"Il fatto che si sia riusciti a proporre un unico piano \u00e9 lodevole, ed \u00e8 il frutto del lavoro condiviso. L'auspicio \u00e8 che in temi brevi si compia la campagna di ripristino dell'immagine, calibrata sui vari territori\". Per il primo cittadino di Sorso, Giuseppe Morghen, \"\u00e8 stato positivo sia il risultato ottenuto che l\u2019attivit\u00e0 unitaria di Regione ed enti locali. Adesso occorre andare avanti con una tempistica che permetta la revoca delle ordinanze in tempi brevi\". <\/p>\n<p>\"Un grande lavoro delle istituzioni che hanno operato unite \u2013 ha commentato invece Pietro Carzedda, assessore all\u2019Ambiente della Provincia Olbia-Tempio \u2013 anche perch\u00e9 la Regione ha svolto un lavoro di coordinamento efficiente ed efficace. Ci auguriamo a questo punto che Eon concluda rapidamente le bonifiche\".<\/p>\n<p>Al centro del dibattito anche il tema del rilancio del territorio con un\u2019adeguata campagna promozionale: l\u2019assessore del Turismo ha infatti auspicato che l\u2019iniziativa, con il supporto di Eon, sia avviata al pi\u00f9 presto in vista dell\u2019imminente stagione estiva. Red.<\/p>\n","protected":false},"excerpt":{"rendered":"<p>Nel corso della Conferenza dei servizi, convocata quest&#8217;oggi, a Cagliari, a Villa Devoto, il presidente della Regione Ugo Cappellacci ha fatto il punto sullo stato&#8230;<\/p>\n","protected":false},"author":2,"featured_media":8957,"comment_status":"closed","ping_status":"closed","sticky":false,"template":"","format":"standard","meta":[],"categories":[49],"tags":[],"_links":{"self":[{"href":"https:\/\/www.cronacaonline.it\/index.php\/wp-json\/wp\/v2\/posts\/66804"}],"collection":[{"href":"https:\/\/www.cronacaonline.it\/index.php\/wp-json\/wp\/v2\/posts"}],"about":[{"href":"https:\/\/www.cronacaonline.it\/index.php\/wp-json\/wp\/v2\/types\/post"}],"author":[{"embeddable":true,"href":"https:\/\/www.cronacaonline.it\/index.php\/wp-json\/wp\/v2\/users\/2"}],"replies":[{"embeddable":true,"href":"https:\/\/www.cronacaonline.it\/index.php\/wp-json\/wp\/v2\/comments?post=66804"}],"version-history":[{"count":0,"href":"https:\/\/www.cronacaonline.it\/index.php\/wp-json\/wp\/v2\/posts\/66804\/revisions"}],"wp:featuredmedia":[{"embeddable":true,"href":"https:\/\/www.cronacaonline.it\/index.php\/wp-json\/"}],"wp:attachment":[{"href":"https:\/\/www.cronacaonline.it\/index.php\/wp-json\/wp\/v2\/media?parent=66804"}],"wp:term":[{"taxonomy":"category","embeddable":true,"href":"https:\/\/www.cronacaonline.it\/index.php\/wp-json\/wp\/v2\/categories?post=66804"},{"taxonomy":"post_tag","embeddable":true,"href":"https:\/\/www.cronacaonline.it\/index.php\/wp-json\/wp\/v2\/tags?post=66804"}],"curies":[{"name":"wp","href":"https:\/\/api.w.org\/{rel}","templated":true}]}}