{"id":66800,"date":"2011-04-11T00:00:00","date_gmt":"2011-04-10T22:00:00","guid":{"rendered":"http:\/\/www.cronacaonline.it\/public\/content\/index.php\/2011\/04\/11\/sanita-liori-una-proposta-per-salvataggio-del-centro-san-giovanni-battista-di-ploaghe\/"},"modified":"2011-04-11T00:00:00","modified_gmt":"2011-04-10T22:00:00","slug":"sanita-liori-una-proposta-per-salvataggio-del-centro-san-giovanni-battista-di-ploaghe","status":"publish","type":"post","link":"https:\/\/www.cronacaonline.it\/index.php\/2011\/04\/11\/sanita-liori-una-proposta-per-salvataggio-del-centro-san-giovanni-battista-di-ploaghe\/","title":{"rendered":"Sanit\u00e0, Liori: &#8220;Una proposta per salvataggio del Centro San Giovanni Battista di Ploaghe&#8221;"},"content":{"rendered":"<p><SPAN style=\"FONT-FAMILY: 'Verdana', 'sans-serif'; mso-fareast-language: IT\">''La soluzione \u00e8 a portata di mano. Devo ancora accertare alcuni dati che riguardano la situazione economica e dopo potr\u00f2 portare all'attenzione del Consiglio regionale la mia proposta''. Lo ha detto l'assessore regionale della Sanit\u00e0, Antonello Liori, durante l'incontro coi lavoratori ed i sindacati del centro di riabilitazione San Giovanni Battista di Ploaghe.<\/SPAN><SPAN style=\"LINE-HEIGHT: 115%; FONT-FAMILY: 'Verdana', 'sans-serif'; FONT-SIZE: 8.5pt; mso-bidi-font-family: 'Times New Roman'; mso-fareast-language: IT\"><\/SPAN><\/p>\n<p><SPAN style=\"FONT-FAMILY: 'Verdana', 'sans-serif'; mso-fareast-language: IT\">''L'ipotesi \u00e8 quella di un assorbimento della parte sanitaria da parte dell'Azienda sanitaria, mentre la componente socio-assistenziale verrebbe incorporata nell'Amministrazione comunale - ha spiegato l'assessore Liori - Ci\u00f2, consentirebbe di salvaguardare la situazione occupazionale e renderebbe la struttura autosufficiente con la ripresa di una regolare attivit\u00e0. Fatta salva la positiva conclusione della trattativa per la riduzione del debito con l'Inps, per la quale sono fiducioso, resta da accertare definitivamente la situazione economica del Centro, che parrebbe non essere pesante''.<\/SPAN><SPAN style=\"LINE-HEIGHT: 115%; FONT-FAMILY: 'Verdana', 'sans-serif'; FONT-SIZE: 8.5pt; mso-bidi-font-family: 'Times New Roman'; mso-fareast-language: IT\"><\/SPAN><\/p>\n<p><SPAN style=\"FONT-FAMILY: 'Verdana', 'sans-serif'; mso-fareast-language: IT\">''A quel punto, potr\u00f2 affidare alla volont\u00e0 del Consiglio regionale la definitiva soluzione del problema - ha concluso Liori - e sar\u00e0 sufficiente l'approvazione di un emendamento, gi\u00e0 pronto, al Collegato della Finanziaria, consentendo cos\u00ec di superare qualsiasi scoglio burocratico''.&nbsp;Red<\/SPAN><\/p>\n<p><SPAN style=\"FONT-FAMILY: 'Verdana', 'sans-serif'; mso-fareast-language: IT\">&nbsp;<\/SPAN><\/p>\n","protected":false},"excerpt":{"rendered":"<p>&#8221;La soluzione \u00e8 a portata di mano. Devo ancora accertare alcuni dati che riguardano la situazione economica e dopo potr\u00f2 portare all&#8217;attenzione del Consiglio regionale&#8230;<\/p>\n","protected":false},"author":2,"featured_media":0,"comment_status":"closed","ping_status":"closed","sticky":false,"template":"","format":"standard","meta":[],"categories":[49],"tags":[],"_links":{"self":[{"href":"https:\/\/www.cronacaonline.it\/index.php\/wp-json\/wp\/v2\/posts\/66800"}],"collection":[{"href":"https:\/\/www.cronacaonline.it\/index.php\/wp-json\/wp\/v2\/posts"}],"about":[{"href":"https:\/\/www.cronacaonline.it\/index.php\/wp-json\/wp\/v2\/types\/post"}],"author":[{"embeddable":true,"href":"https:\/\/www.cronacaonline.it\/index.php\/wp-json\/wp\/v2\/users\/2"}],"replies":[{"embeddable":true,"href":"https:\/\/www.cronacaonline.it\/index.php\/wp-json\/wp\/v2\/comments?post=66800"}],"version-history":[{"count":0,"href":"https:\/\/www.cronacaonline.it\/index.php\/wp-json\/wp\/v2\/posts\/66800\/revisions"}],"wp:attachment":[{"href":"https:\/\/www.cronacaonline.it\/index.php\/wp-json\/wp\/v2\/media?parent=66800"}],"wp:term":[{"taxonomy":"category","embeddable":true,"href":"https:\/\/www.cronacaonline.it\/index.php\/wp-json\/wp\/v2\/categories?post=66800"},{"taxonomy":"post_tag","embeddable":true,"href":"https:\/\/www.cronacaonline.it\/index.php\/wp-json\/wp\/v2\/tags?post=66800"}],"curies":[{"name":"wp","href":"https:\/\/api.w.org\/{rel}","templated":true}]}}