{"id":66772,"date":"2011-04-09T00:00:00","date_gmt":"2011-04-08T22:00:00","guid":{"rendered":"http:\/\/www.cronacaonline.it\/public\/content\/index.php\/2011\/04\/09\/manifestazioni-in-tutta-italia-precari-in-piazza-il-nostro-tempo-e-adesso\/"},"modified":"2011-04-09T00:00:00","modified_gmt":"2011-04-08T22:00:00","slug":"manifestazioni-in-tutta-italia-precari-in-piazza-il-nostro-tempo-e-adesso","status":"publish","type":"post","link":"https:\/\/www.cronacaonline.it\/index.php\/2011\/04\/09\/manifestazioni-in-tutta-italia-precari-in-piazza-il-nostro-tempo-e-adesso\/","title":{"rendered":"Manifestazioni in tutta Italia: Precari in piazza: &#8220;Il nostro tempo \u00e8 adesso&#8221;"},"content":{"rendered":"<p><SPAN style=\"LINE-HEIGHT: 115%; FONT-FAMILY: 'Verdana', 'sans-serif'; COLOR: black; FONT-SIZE: 10pt; mso-bidi-font-family: Arial\">\"Occorre subito fare una riforma fiscale, perch\u00e9&nbsp;\u00e8 venuto il tempo e perch\u00e9&nbsp;\u00e8 l'unico modo per trovare le risorse in grado di creare nuovo lavoro per i giovani e per i precari di ogni settore\". Lo ha detto ad Ancona, Susanna Camusso, segretario generale della Cgil, intervenendo alla manifestazione locale contro il precariato.<\/SPAN><\/p>\n<p><SPAN style=\"LINE-HEIGHT: 115%; FONT-FAMILY: 'Verdana', 'sans-serif'; COLOR: black; FONT-SIZE: 10pt; mso-bidi-font-family: Arial\">\"Non&nbsp;\u00e8 pi\u00f9 possibile che quelli che vivono di rendite finanziarie o di grandi patrimoni - ha spiegato Camusso - continuino tranquillamente a evadere le tasse mentre i<BR>lavoratori dipendenti e i pensionati continuino a pagarle, sostenendo loro il costo di questa situazione. E' ora che si metta mano finalmente ad una riforma del fisco che chieda un contributo per il rilancio del Paese a quelli che hanno maggiori ricchezze e che devono aiutare milioni di persone che non ce la fanno pi\u00f9 ad andare avanti\".<\/SPAN><\/p>\n<p><SPAN style=\"LINE-HEIGHT: 115%; FONT-FAMILY: 'Verdana', 'sans-serif'; COLOR: black; FONT-SIZE: 10pt; mso-bidi-font-family: Arial\">Da Milano a Palermo&nbsp;oggi molte citt\u00e0 italiane sono attraversate da manifestazioni promosse dal comitato \"il nostro tempo&nbsp;\u00e8 adesso la vita non aspetta\" contro la precariet\u00e0, formato da reti di precari tra cui gli operatori dello spettacolo, i<BR>precari dei call-center, gli archeologi precari, i giornalisti precari e gli studenti. Cortei<SPAN class=apple-converted-space>&nbsp;<\/SPAN><BR>a Roma, Napoli, Torino, Milano, Bologna, Palermo e anche in alcune citt\u00e0 all'estero.&nbsp;<\/SPAN><\/p>\n<p><SPAN style=\"LINE-HEIGHT: 115%; FONT-FAMILY: 'Verdana', 'sans-serif'; COLOR: black; FONT-SIZE: 10pt; mso-bidi-font-family: Arial\">Alcuni docenti avevano stampata sulla fronte la data di scadenza del loro contratto e la cifra dell'ultimo stipendio percepito. Qualche ricercatore aveva in mano la raffigurazione di un cervello spremuto. Cos\u00ec, con alcuni&nbsp;simboli, si&nbsp;\u00e8 voluto ribadire il no al precariato in tutte le sue forme. Alcune centinaia di persone hanno partecipato alla manifestazione promossa a Napoli dal comitato 'Il nostro tempo&nbsp;\u00e8 adesso'. Il corteo partito da piazza Mancini ha raggiunto piazza del Ges\u00f9 dove sono saliti sul palco alcuni rappresentanti dei manifestanti.<\/SPAN><\/p>\n<p><SPAN style=\"LINE-HEIGHT: 115%; FONT-FAMILY: 'Verdana', 'sans-serif'; COLOR: black; FONT-SIZE: 10pt; mso-bidi-font-family: Arial\">Studenti, insegnanti del gruppo \"Precari Napoli\", Cgil, Fiom, ricercatori della rete \"29 aprile\", giornalisti del Coordinamento precari della Campania, lavoratori Inps, Carc e semplici cittadini hanno sfilato insieme per ribadire quanto la precariet\u00e0 del lavoro influisca non solo nelle scelte della vita di tutti i giorni ma soprattutto sul futuro. In strada c'erano giovanissimi studenti ma soprattutto,&nbsp;\u00e8 stato ricordato dagli organizzatori, trentenni che \"rappresentano in questo momento la stragrande maggioranza dei precari intellettuali e non del Paese\". <\/SPAN><\/p>\n<p><SPAN style=\"LINE-HEIGHT: 115%; FONT-FAMILY: 'Verdana', 'sans-serif'; COLOR: black; FONT-SIZE: 10pt; mso-bidi-font-family: Arial\">Durante il corteo uova piene di vernice rossa sono state lanciate sulle vetrine di due banche al Corso Umberto I.<\/SPAN><\/p>\n","protected":false},"excerpt":{"rendered":"<p>&#8220;Occorre subito fare una riforma fiscale, perch\u00e9&nbsp;\u00e8 venuto il tempo e perch\u00e9&nbsp;\u00e8 l&#8217;unico modo per trovare le risorse in grado di creare nuovo lavoro per&#8230;<\/p>\n","protected":false},"author":2,"featured_media":0,"comment_status":"closed","ping_status":"closed","sticky":false,"template":"","format":"standard","meta":[],"categories":[49],"tags":[],"_links":{"self":[{"href":"https:\/\/www.cronacaonline.it\/index.php\/wp-json\/wp\/v2\/posts\/66772"}],"collection":[{"href":"https:\/\/www.cronacaonline.it\/index.php\/wp-json\/wp\/v2\/posts"}],"about":[{"href":"https:\/\/www.cronacaonline.it\/index.php\/wp-json\/wp\/v2\/types\/post"}],"author":[{"embeddable":true,"href":"https:\/\/www.cronacaonline.it\/index.php\/wp-json\/wp\/v2\/users\/2"}],"replies":[{"embeddable":true,"href":"https:\/\/www.cronacaonline.it\/index.php\/wp-json\/wp\/v2\/comments?post=66772"}],"version-history":[{"count":0,"href":"https:\/\/www.cronacaonline.it\/index.php\/wp-json\/wp\/v2\/posts\/66772\/revisions"}],"wp:attachment":[{"href":"https:\/\/www.cronacaonline.it\/index.php\/wp-json\/wp\/v2\/media?parent=66772"}],"wp:term":[{"taxonomy":"category","embeddable":true,"href":"https:\/\/www.cronacaonline.it\/index.php\/wp-json\/wp\/v2\/categories?post=66772"},{"taxonomy":"post_tag","embeddable":true,"href":"https:\/\/www.cronacaonline.it\/index.php\/wp-json\/wp\/v2\/tags?post=66772"}],"curies":[{"name":"wp","href":"https:\/\/api.w.org\/{rel}","templated":true}]}}