{"id":66750,"date":"2011-04-19T00:00:00","date_gmt":"2011-04-18T22:00:00","guid":{"rendered":"http:\/\/www.cronacaonline.it\/public\/content\/index.php\/2011\/04\/19\/imprenditorialita-nei-comuni-intesa-tra-regione-anci-uncem-e-asel-per-utilizzo-di-10-milioni-euro\/"},"modified":"2011-04-19T00:00:00","modified_gmt":"2011-04-18T22:00:00","slug":"imprenditorialita-nei-comuni-intesa-tra-regione-anci-uncem-e-asel-per-utilizzo-di-10-milioni-euro","status":"publish","type":"post","link":"https:\/\/www.cronacaonline.it\/index.php\/2011\/04\/19\/imprenditorialita-nei-comuni-intesa-tra-regione-anci-uncem-e-asel-per-utilizzo-di-10-milioni-euro\/","title":{"rendered":"Imprenditorialit\u00e0 nei comuni &#8211; Intesa tra Regione, Anci, Uncem e Asel per utilizzo di 10 milioni euro."},"content":{"rendered":"<p>E' stato raggiunto l'accordo tra assessorato regionale del Lavoro e Anci, Uncem e Asel per l\u2019utilizzo di 10 milioni di euro che andranno a sostenere le politiche del lavoro attive e l\u2019imprenditorialit\u00e0 a vantaggio soprattutto dei piccoli Comuni della Sardegna. <\/p>\n<p>Nei giorni scorsi a Cagliari, infatti, l\u2019assessore del Lavoro Franco Manca ha incontrato i vertici regionali delle Associazioni dei Comuni, dell\u2019Unione delle Comunit\u00e0 montane e degli enti locali per discutere delle modalit\u00e0 operative da attuare per i Programmi operativi per l\u2019imprenditorialit\u00e0 comunale (Poic) e per il Fondo piccoli Comuni. Su ognuno di questi due interventi, sono disponibili 5 milioni di euro a valere sul Por Fse (Fondo sociale europeo) 2007-2013, per complessivi 10 milioni.<\/p>\n<p>\"Si tratta di provvedimenti innovativi e complementari tra loro \u2013 ha commentato l\u2019assessore Manca \u2013 che si inquadrano nella pi\u00f9 ampia strategia che la Regione sta mettendo in campo per favorire la nascita di nuove imprese e combattere la disoccupazione soprattutto nei Comuni al di sotto dei 3mila abitanti. L\u2019incontro con i rappresentanti di Anci, Uncem e Asel \u00e8 stato prezioso per mettere a punto insieme le procedure amministrative, nell\u2019ottica di un confronto costante che la Regione ha con i vari territori della Sardegna\". <\/p>\n<p>I Poic, d\u2019intesa con le amministrazioni interessate e attraverso agevolazioni fiscali e incentivi finanziari, hanno l\u2019obiettivo di promuovere competitivit\u00e0, imprenditorialit\u00e0 e nuove opportunit\u00e0 lavorative per disoccupati e inoccupati, sostenendo la creazione di impresa. Il Fondo piccoli Comuni \u00e8, invece, uno strumento rotativo e prevede l\u2019erogazione di incentivi al quale potranno accedere per attuare iniziative, concordate con la Regione, per lo sviluppo sociale ed economico del territorio. Red.<\/p>\n","protected":false},"excerpt":{"rendered":"<p>E&#8217; stato raggiunto l&#8217;accordo tra assessorato regionale del Lavoro e Anci, Uncem e Asel per l\u2019utilizzo di 10 milioni di euro che andranno a sostenere&#8230;<\/p>\n","protected":false},"author":2,"featured_media":0,"comment_status":"closed","ping_status":"closed","sticky":false,"template":"","format":"standard","meta":[],"categories":[49],"tags":[],"_links":{"self":[{"href":"https:\/\/www.cronacaonline.it\/index.php\/wp-json\/wp\/v2\/posts\/66750"}],"collection":[{"href":"https:\/\/www.cronacaonline.it\/index.php\/wp-json\/wp\/v2\/posts"}],"about":[{"href":"https:\/\/www.cronacaonline.it\/index.php\/wp-json\/wp\/v2\/types\/post"}],"author":[{"embeddable":true,"href":"https:\/\/www.cronacaonline.it\/index.php\/wp-json\/wp\/v2\/users\/2"}],"replies":[{"embeddable":true,"href":"https:\/\/www.cronacaonline.it\/index.php\/wp-json\/wp\/v2\/comments?post=66750"}],"version-history":[{"count":0,"href":"https:\/\/www.cronacaonline.it\/index.php\/wp-json\/wp\/v2\/posts\/66750\/revisions"}],"wp:attachment":[{"href":"https:\/\/www.cronacaonline.it\/index.php\/wp-json\/wp\/v2\/media?parent=66750"}],"wp:term":[{"taxonomy":"category","embeddable":true,"href":"https:\/\/www.cronacaonline.it\/index.php\/wp-json\/wp\/v2\/categories?post=66750"},{"taxonomy":"post_tag","embeddable":true,"href":"https:\/\/www.cronacaonline.it\/index.php\/wp-json\/wp\/v2\/tags?post=66750"}],"curies":[{"name":"wp","href":"https:\/\/api.w.org\/{rel}","templated":true}]}}