{"id":66740,"date":"2011-04-11T00:00:00","date_gmt":"2011-04-10T22:00:00","guid":{"rendered":"http:\/\/www.cronacaonline.it\/public\/content\/index.php\/2011\/04\/11\/presentato-il-programma-sperimentale-tutela-minori-e-tribunali-ordinari\/"},"modified":"2011-04-11T00:00:00","modified_gmt":"2011-04-10T22:00:00","slug":"presentato-il-programma-sperimentale-tutela-minori-e-tribunali-ordinari","status":"publish","type":"post","link":"https:\/\/www.cronacaonline.it\/index.php\/2011\/04\/11\/presentato-il-programma-sperimentale-tutela-minori-e-tribunali-ordinari\/","title":{"rendered":"Presentato il programma sperimentale &#8220;Tutela Minori e Tribunali Ordinari&#8221;"},"content":{"rendered":"<p><SPAN style=\"LINE-HEIGHT: 115%; FONT-FAMILY: 'Verdana', 'sans-serif'; FONT-SIZE: 12pt; mso-fareast-language: IT\">\u201cConsiderato l\u2019incremento delle coppie con figli minori interessate da procedure di separazione e di divorzio, \u00e8 nata l\u2019esigenza di realizzare un programma sperimentale per i Tribunali, in raccordo coi servizi delle Asl, con l\u2019obiettivo di ridurre il disagio dei minori coinvolti.\u201d Lo ha spiegato l\u2019assessore regionale della Sanit\u00e0, Antonello Liori, durante la conferenza stampa di presentazione del programma sperimentale \"Tutela minori e tribunale ordinario\", recentemente approvato dalla Giunta regionale.<\/SPAN><SPAN style=\"LINE-HEIGHT: 115%; FONT-FAMILY: 'Verdana', 'sans-serif'; FONT-SIZE: 12pt; mso-bidi-font-family: 'Times New Roman'; mso-fareast-language: IT\"><\/SPAN><\/p>\n<p><SPAN style=\"LINE-HEIGHT: 115%; FONT-FAMILY: 'Verdana', 'sans-serif'; FONT-SIZE: 12pt; mso-fareast-language: IT\">Visto il numero crescente di coppie interessate a procedimenti di separazione o divorzio (nell'ultimo triennio, 6.785 a Cagliari, 3.879 ad Oristano), \u00e8 nata l'esigenza di attuare, presso i Tribunali ordinari, servizi specifici rivolti alle figure genitoriali, all\u2019infanzia ed all\u2019adolescenza, svolti da un equipe composta da uno psicologo e da un assistente sociale. Perci\u00f2, il prossimo venerd\u00ec 15 aprile, il protocollo verr\u00e0 firmato dall\u2019assessore Liori e dai Presidenti dei Tribunali di Cagliari ed Oristano, che in seguito predisporranno, all\u2019interno degli uffici&nbsp;&nbsp;giudiziari, un servizio finalizzato a limitare il disagio del minore in una delicata fase della vita familiare, agevolando i rapporti e favorendo una pi\u00f9 adeguata collaborazione tra i soggetti responsabili di interventi, nel preminente obiettivo della crescita equilibrata del minore, pur nel rispetto delle difficolt\u00e0 dei genitori. Per il Programma la Regione ha stanziato complessivamente 185.000 euro.<\/SPAN><SPAN style=\"LINE-HEIGHT: 115%; FONT-FAMILY: 'Verdana', 'sans-serif'; FONT-SIZE: 12pt; mso-bidi-font-family: 'Times New Roman'; mso-fareast-language: IT\"><\/SPAN><\/p>\n<p><SPAN style=\"LINE-HEIGHT: 115%; FONT-FAMILY: 'Verdana', 'sans-serif'; FONT-SIZE: 12pt; mso-fareast-language: IT\">\"Un progetto che rientra nell\u2019ambito delle politiche a favore della famiglia - ha aggiunto l'assessore Liori - Abbiamo, perci\u00f2, promosso un servizio che sostenga i genitori nel ristabilire un\u2019efficace comunicazione coi figli, finalizzato a garantire anche il diritto dei minori ad essere allevati da entrambi i genitori. Nel&nbsp;&nbsp;quadro di questi interventi, \u00e8 nato questo programma con l\u2019intendimento, una volta superata la fase di sperimentazione, di estenderlo al resto dell\u2019Isola.\"&nbsp;<\/SPAN><SPAN style=\"LINE-HEIGHT: 115%; FONT-FAMILY: 'Verdana', 'sans-serif'; FONT-SIZE: 12pt; mso-bidi-font-family: 'Times New Roman'; mso-fareast-language: IT\"><\/SPAN><\/p>\n","protected":false},"excerpt":{"rendered":"<p>\u201cConsiderato l\u2019incremento delle coppie con figli minori interessate da procedure di separazione e di divorzio, \u00e8 nata l\u2019esigenza di realizzare un programma sperimentale per i&#8230;<\/p>\n","protected":false},"author":2,"featured_media":0,"comment_status":"closed","ping_status":"closed","sticky":false,"template":"","format":"standard","meta":[],"categories":[49],"tags":[],"_links":{"self":[{"href":"https:\/\/www.cronacaonline.it\/index.php\/wp-json\/wp\/v2\/posts\/66740"}],"collection":[{"href":"https:\/\/www.cronacaonline.it\/index.php\/wp-json\/wp\/v2\/posts"}],"about":[{"href":"https:\/\/www.cronacaonline.it\/index.php\/wp-json\/wp\/v2\/types\/post"}],"author":[{"embeddable":true,"href":"https:\/\/www.cronacaonline.it\/index.php\/wp-json\/wp\/v2\/users\/2"}],"replies":[{"embeddable":true,"href":"https:\/\/www.cronacaonline.it\/index.php\/wp-json\/wp\/v2\/comments?post=66740"}],"version-history":[{"count":0,"href":"https:\/\/www.cronacaonline.it\/index.php\/wp-json\/wp\/v2\/posts\/66740\/revisions"}],"wp:attachment":[{"href":"https:\/\/www.cronacaonline.it\/index.php\/wp-json\/wp\/v2\/media?parent=66740"}],"wp:term":[{"taxonomy":"category","embeddable":true,"href":"https:\/\/www.cronacaonline.it\/index.php\/wp-json\/wp\/v2\/categories?post=66740"},{"taxonomy":"post_tag","embeddable":true,"href":"https:\/\/www.cronacaonline.it\/index.php\/wp-json\/wp\/v2\/tags?post=66740"}],"curies":[{"name":"wp","href":"https:\/\/api.w.org\/{rel}","templated":true}]}}