{"id":66688,"date":"2011-04-14T00:00:00","date_gmt":"2011-04-13T22:00:00","guid":{"rendered":"http:\/\/www.cronacaonline.it\/public\/content\/index.php\/2011\/04\/14\/montezemolo-a-tremonti-ed-al-premierpoca-ironia-meno-barzellette-ed-ora-aspettiamo-i-fatti-veri\/"},"modified":"2011-04-14T00:00:00","modified_gmt":"2011-04-13T22:00:00","slug":"montezemolo-a-tremonti-ed-al-premierpoca-ironia-meno-barzellette-ed-ora-aspettiamo-i-fatti-veri","status":"publish","type":"post","link":"https:\/\/www.cronacaonline.it\/index.php\/2011\/04\/14\/montezemolo-a-tremonti-ed-al-premierpoca-ironia-meno-barzellette-ed-ora-aspettiamo-i-fatti-veri\/","title":{"rendered":"Montezemolo a Tremonti ed al premier:Poca ironia, meno barzellette ed ora aspettiamo i fatti veri."},"content":{"rendered":"<p><SPAN style=\"WIDOWS: 2; TEXT-TRANSFORM: none; TEXT-INDENT: 0px; BORDER-COLLAPSE: separate; FONT: 16px 'Times New Roman'; WHITE-SPACE: normal; ORPHANS: 2; LETTER-SPACING: normal; COLOR: rgb(0,0,0); WORD-SPACING: 0px; -webkit-border-horizontal-spacing: 0px; -webkit-border-vertical-spacing: 0px; -webkit-text-decorations-in-effect: none; -webkit-text-size-adjust: auto; -webkit-text-stroke-width: 0px\" class=Apple-style-span><SPAN style=\"LINE-HEIGHT: 21px; FONT-FAMILY: Georgia, Palatino, serif; COLOR: rgb(70,70,70); FONT-SIZE: 14px\" class=Apple-style-span>\u00abC'\u00e8 poca ironia da fare, vista la situazione di mancata crescita e di mancate iniziative di politica economica\u00bb. Luca Cordero di Montezemolo ha mal digerito commentato<SPAN class=Apple-converted-space>&nbsp;<\/SPAN><a style=\"PADDING-BOTTOM: 0px; BORDER-RIGHT-WIDTH: 0px; FONT-STYLE: inherit; MARGIN: 0px; PADDING-LEFT: 0px; OUTLINE-WIDTH: 0px; PADDING-RIGHT: 0px; FONT-FAMILY: inherit; BORDER-TOP-WIDTH: 0px; BORDER-BOTTOM-WIDTH: 0px; COLOR: rgb(86,86,86); FONT-SIZE: 14px; VERTICAL-ALIGN: baseline; BORDER-LEFT-WIDTH: 0px; FONT-WEIGHT: inherit; TEXT-DECORATION: none; PADDING-TOP: 0px\" href=\"http:\/\/www.corriere.it\/economia\/11_aprile_13\/tremonti-marcegaglia-solitudine-imprenditori-riflessione-nucleare_6fac1780-65fa-11e0-860c-f8f35d8ce484.shtml\" target=\"\" rel=\"noopener noreferrer\"><U>la battuta di Giulio Tremonti sugli industriali lasciati soli<\/U><\/A>. \u00ab\u00c8 meglio metterci tutti con meno battute e invece impegnarci di pi\u00f9 per avere pi\u00f9 risultati. Condivido totalmente l'opinione di Emma Marcegaglia per quanto riguarda gli industriali.<\/SPAN><\/SPAN><\/p>\n<p><SPAN style=\"WIDOWS: 2; TEXT-TRANSFORM: none; TEXT-INDENT: 0px; BORDER-COLLAPSE: separate; FONT: 16px 'Times New Roman'; WHITE-SPACE: normal; ORPHANS: 2; LETTER-SPACING: normal; COLOR: rgb(0,0,0); WORD-SPACING: 0px; -webkit-border-horizontal-spacing: 0px; -webkit-border-vertical-spacing: 0px; -webkit-text-decorations-in-effect: none; -webkit-text-size-adjust: auto; -webkit-text-stroke-width: 0px\" class=Apple-style-span><SPAN style=\"LINE-HEIGHT: 21px; FONT-FAMILY: Georgia, Palatino, serif; COLOR: rgb(70,70,70); FONT-SIZE: 14px\" class=Apple-style-span><SPAN style=\"WIDOWS: 2; TEXT-TRANSFORM: none; TEXT-INDENT: 0px; BORDER-COLLAPSE: separate; FONT: 16px 'Times New Roman'; WHITE-SPACE: normal; ORPHANS: 2; LETTER-SPACING: normal; COLOR: rgb(0,0,0); WORD-SPACING: 0px; -webkit-border-horizontal-spacing: 0px; -webkit-border-vertical-spacing: 0px; -webkit-text-decorations-in-effect: none; -webkit-text-size-adjust: auto; -webkit-text-stroke-width: 0px\" class=Apple-style-span><SPAN style=\"LINE-HEIGHT: 21px; FONT-FAMILY: Georgia, Palatino, serif; COLOR: rgb(70,70,70); FONT-SIZE: 14px\" class=Apple-style-span>\u00abC'\u00e8 un Paese reale che sta reagendo e si sta dando da fare\u00bb ha aggiunto Montezemolo, presentando un accordo per una iniziativa di solidariet\u00e0 a sostegno della ricerca. Poi alla domanda di alcuni cronisti su quanta distanza vi sia tra il Paese reale e quello che si sta discutendo in Parlamento, Montezemolo ha ribadito che \u00abc'\u00e8 un Paese che ha voglia di fare e non di occuparsi solo degli affari propri (la stoccata al presidente del Consiglio Silvio Berlusconi \u00e8 implicita,<SPAN class=Apple-converted-space>&nbsp;<\/SPAN><I>ndr<\/I>) . Sono quelli che chiamo gli italiani ignoti - ha continuato -, che sono la grande forza di questo Paese, malgrado una politica sempre pi\u00f9 lontana dai problemi, dalle esigenze vere e da scelte coraggiose che bisogna assolutamente fare per guardare al futuro, a cominciare da non trascurare la ricerca\u00bb.<\/SPAN><\/SPAN><\/SPAN><\/SPAN><\/p>\n<p><SPAN style=\"WIDOWS: 2; TEXT-TRANSFORM: none; TEXT-INDENT: 0px; BORDER-COLLAPSE: separate; FONT: 16px 'Times New Roman'; WHITE-SPACE: normal; ORPHANS: 2; LETTER-SPACING: normal; COLOR: rgb(0,0,0); WORD-SPACING: 0px; -webkit-border-horizontal-spacing: 0px; -webkit-border-vertical-spacing: 0px; -webkit-text-decorations-in-effect: none; -webkit-text-size-adjust: auto; -webkit-text-stroke-width: 0px\" class=Apple-style-span><SPAN style=\"LINE-HEIGHT: 21px; FONT-FAMILY: Georgia, Palatino, serif; COLOR: rgb(70,70,70); FONT-SIZE: 14px\" class=Apple-style-span><SPAN style=\"WIDOWS: 2; TEXT-TRANSFORM: none; TEXT-INDENT: 0px; BORDER-COLLAPSE: separate; FONT: 16px 'Times New Roman'; WHITE-SPACE: normal; ORPHANS: 2; LETTER-SPACING: normal; COLOR: rgb(0,0,0); WORD-SPACING: 0px; -webkit-border-horizontal-spacing: 0px; -webkit-border-vertical-spacing: 0px; -webkit-text-decorations-in-effect: none; -webkit-text-size-adjust: auto; -webkit-text-stroke-width: 0px\" class=Apple-style-span><SPAN style=\"LINE-HEIGHT: 21px; FONT-FAMILY: Georgia, Palatino, serif; COLOR: rgb(70,70,70); FONT-SIZE: 14px\" class=Apple-style-span><SPAN style=\"WIDOWS: 2; TEXT-TRANSFORM: none; TEXT-INDENT: 0px; BORDER-COLLAPSE: separate; FONT: 16px 'Times New Roman'; WHITE-SPACE: normal; ORPHANS: 2; LETTER-SPACING: normal; COLOR: rgb(0,0,0); WORD-SPACING: 0px; -webkit-border-horizontal-spacing: 0px; -webkit-border-vertical-spacing: 0px; -webkit-text-decorations-in-effect: none; -webkit-text-size-adjust: auto; -webkit-text-stroke-width: 0px\" class=Apple-style-span><SPAN style=\"LINE-HEIGHT: 21px; FONT-FAMILY: Georgia, Palatino, serif; COLOR: rgb(70,70,70); FONT-SIZE: 14px\" class=Apple-style-span>L'ex leader di Confindustria ha criticato anche i tagli alla ricerca: sono \u00abscandalosi e masochistici\u00bb mentre la politica resta l'unico settore in cui non si tagliano mai le risorse, denuncia. Qualche ministro, spiega il numero uno della fondazione Italia Futura durante una conferenza stampa di Telethon, \u00abfa tagli trasversali anzich\u00e9 con il laser\u00bb e l'Italia \u00e8 \u00abil Paese che investe meno in Europa in ricerca, con ottimi ricercatori italiani costretti ad andare all'estero. Anzich\u00e9 tagliare la ricerca io taglierei altrove, come le tante inefficienze o i Cda che servono solo a sistemare politici trombati. Sento parlare - conclude Montezemolo - di tagli da tutte le parti tranne che nella politica\u00bb<\/SPAN><\/SPAN><\/SPAN><\/SPAN><\/SPAN><\/SPAN><\/p>\n<p><SPAN style=\"WIDOWS: 2; TEXT-TRANSFORM: none; TEXT-INDENT: 0px; BORDER-COLLAPSE: separate; FONT: 16px 'Times New Roman'; WHITE-SPACE: normal; ORPHANS: 2; LETTER-SPACING: normal; COLOR: rgb(0,0,0); WORD-SPACING: 0px; -webkit-border-horizontal-spacing: 0px; -webkit-border-vertical-spacing: 0px; -webkit-text-decorations-in-effect: none; -webkit-text-size-adjust: auto; -webkit-text-stroke-width: 0px\" class=Apple-style-span><SPAN style=\"LINE-HEIGHT: 21px; FONT-FAMILY: Georgia, Palatino, serif; COLOR: rgb(70,70,70); FONT-SIZE: 14px\" class=Apple-style-span><SPAN style=\"WIDOWS: 2; TEXT-TRANSFORM: none; TEXT-INDENT: 0px; BORDER-COLLAPSE: separate; FONT: 16px 'Times New Roman'; WHITE-SPACE: normal; ORPHANS: 2; LETTER-SPACING: normal; COLOR: rgb(0,0,0); WORD-SPACING: 0px; -webkit-border-horizontal-spacing: 0px; -webkit-border-vertical-spacing: 0px; -webkit-text-decorations-in-effect: none; -webkit-text-size-adjust: auto; -webkit-text-stroke-width: 0px\" class=Apple-style-span><SPAN style=\"LINE-HEIGHT: 21px; FONT-FAMILY: Georgia, Palatino, serif; COLOR: rgb(70,70,70); FONT-SIZE: 14px\" class=Apple-style-span><SPAN style=\"WIDOWS: 2; TEXT-TRANSFORM: none; TEXT-INDENT: 0px; BORDER-COLLAPSE: separate; FONT: 16px 'Times New Roman'; WHITE-SPACE: normal; ORPHANS: 2; LETTER-SPACING: normal; COLOR: rgb(0,0,0); WORD-SPACING: 0px; -webkit-border-horizontal-spacing: 0px; -webkit-border-vertical-spacing: 0px; -webkit-text-decorations-in-effect: none; -webkit-text-size-adjust: auto; -webkit-text-stroke-width: 0px\" class=Apple-style-span><SPAN style=\"LINE-HEIGHT: 21px; FONT-FAMILY: Georgia, Palatino, serif; COLOR: rgb(70,70,70); FONT-SIZE: 14px\" class=Apple-style-span><\/SPAN><\/SPAN><\/SPAN><\/SPAN><\/SPAN><\/SPAN>&nbsp;<\/p>\n","protected":false},"excerpt":{"rendered":"<p>\u00abC&#8217;\u00e8 poca ironia da fare, vista la situazione di mancata crescita e di mancate iniziative di politica economica\u00bb. Luca Cordero di Montezemolo ha mal digerito&#8230;<\/p>\n","protected":false},"author":2,"featured_media":0,"comment_status":"closed","ping_status":"closed","sticky":false,"template":"","format":"standard","meta":[],"categories":[49],"tags":[],"_links":{"self":[{"href":"https:\/\/www.cronacaonline.it\/index.php\/wp-json\/wp\/v2\/posts\/66688"}],"collection":[{"href":"https:\/\/www.cronacaonline.it\/index.php\/wp-json\/wp\/v2\/posts"}],"about":[{"href":"https:\/\/www.cronacaonline.it\/index.php\/wp-json\/wp\/v2\/types\/post"}],"author":[{"embeddable":true,"href":"https:\/\/www.cronacaonline.it\/index.php\/wp-json\/wp\/v2\/users\/2"}],"replies":[{"embeddable":true,"href":"https:\/\/www.cronacaonline.it\/index.php\/wp-json\/wp\/v2\/comments?post=66688"}],"version-history":[{"count":0,"href":"https:\/\/www.cronacaonline.it\/index.php\/wp-json\/wp\/v2\/posts\/66688\/revisions"}],"wp:attachment":[{"href":"https:\/\/www.cronacaonline.it\/index.php\/wp-json\/wp\/v2\/media?parent=66688"}],"wp:term":[{"taxonomy":"category","embeddable":true,"href":"https:\/\/www.cronacaonline.it\/index.php\/wp-json\/wp\/v2\/categories?post=66688"},{"taxonomy":"post_tag","embeddable":true,"href":"https:\/\/www.cronacaonline.it\/index.php\/wp-json\/wp\/v2\/tags?post=66688"}],"curies":[{"name":"wp","href":"https:\/\/api.w.org\/{rel}","templated":true}]}}