{"id":66670,"date":"2011-04-23T00:00:00","date_gmt":"2011-04-22T22:00:00","guid":{"rendered":"http:\/\/www.cronacaonline.it\/public\/content\/index.php\/2011\/04\/23\/arrestato-dai-carabinieri-22enne-per-detenzione-ai-fini-di-spaccio-di-stupefacenti-3\/"},"modified":"2011-04-23T00:00:00","modified_gmt":"2011-04-22T22:00:00","slug":"arrestato-dai-carabinieri-22enne-per-detenzione-ai-fini-di-spaccio-di-stupefacenti-3","status":"publish","type":"post","link":"https:\/\/www.cronacaonline.it\/index.php\/2011\/04\/23\/arrestato-dai-carabinieri-22enne-per-detenzione-ai-fini-di-spaccio-di-stupefacenti-3\/","title":{"rendered":"Arrestato dai carabinieri 22enne per detenzione ai fini di spaccio di stupefacenti."},"content":{"rendered":"<p><SPAN class=apple-style-span><SPAN style=\"LINE-HEIGHT: 115%; FONT-FAMILY: 'Verdana', 'sans-serif'; COLOR: black; FONT-SIZE: 12pt\">Ieri, alle ore 21 circa, a Quartu Sant\u2019Elena, in via Ada Negri, i carabinieri del comando&nbsp; stazione di Ca-Pirri, al termine di una&nbsp; mirata attivit\u00e0 investigativa hanno arrestato Marco Puddu, 22enne, nato a Cagliari ma residente a Quartu S.E., ritenuto responsabile di \u201c<I>spaccio di sostanza stupefacente<\/I>\u201d.<\/SPAN><\/SPAN><\/p>\n<p><SPAN class=apple-style-span><SPAN style=\"LINE-HEIGHT: 115%; FONT-FAMILY: 'Verdana', 'sans-serif'; COLOR: black; FONT-SIZE: 12pt\">Il giovane, poco prima, era stato notato mentre cedeva 1,7 grammi di marijuana ad altra persona che, alla vista dei militari, si \u00e8 liberato dello stupefacenti e nel frattempo ha cercato di dileguarsi.&nbsp;Puddu \u00e8 stato comunque rintracciato e sottoposto a perquisizione personale durante la quale \u00e8 stato trovato in possesso di un grammo di cocaina suddiviso in tre dosi termosaldate, 3.4 grammi di marjuana e la somma di 70,00 euro in contanti, presunto provento dell\u2019attivit\u00e0 di spaccio, tutto posto sotto sequestro.<\/SPAN><\/SPAN><\/p>\n<p><SPAN class=apple-style-span><SPAN style=\"LINE-HEIGHT: 115%; FONT-FAMILY: 'Verdana', 'sans-serif'; COLOR: black; FONT-SIZE: 12pt\">Il ragazzo \u00e8 stato portato in caserma e questa mattina, dopo aver passato la notte in camera di sicurezza, \u00e8 stato portato davanti al giudice monocratico che lo ha giudicato con il rito direttissimo. Puddu durante l\u2019udienza ha visto convalidare l\u2019arresto e poi il suo avvocato ha patteggiato una pena di un anno, 4 mesi di reclusione e 3000,00 euro di multa, beneficiando perci\u00f2 della sospensione condizionale della pena.<\/SPAN><\/SPAN><\/SPAN><\/p>\n","protected":false},"excerpt":{"rendered":"<p>Ieri, alle ore 21 circa, a Quartu Sant\u2019Elena, in via Ada Negri, i carabinieri del comando&nbsp; stazione di Ca-Pirri, al termine di una&nbsp; mirata attivit\u00e0&#8230;<\/p>\n","protected":false},"author":2,"featured_media":9134,"comment_status":"closed","ping_status":"closed","sticky":false,"template":"","format":"standard","meta":[],"categories":[49],"tags":[],"_links":{"self":[{"href":"https:\/\/www.cronacaonline.it\/index.php\/wp-json\/wp\/v2\/posts\/66670"}],"collection":[{"href":"https:\/\/www.cronacaonline.it\/index.php\/wp-json\/wp\/v2\/posts"}],"about":[{"href":"https:\/\/www.cronacaonline.it\/index.php\/wp-json\/wp\/v2\/types\/post"}],"author":[{"embeddable":true,"href":"https:\/\/www.cronacaonline.it\/index.php\/wp-json\/wp\/v2\/users\/2"}],"replies":[{"embeddable":true,"href":"https:\/\/www.cronacaonline.it\/index.php\/wp-json\/wp\/v2\/comments?post=66670"}],"version-history":[{"count":0,"href":"https:\/\/www.cronacaonline.it\/index.php\/wp-json\/wp\/v2\/posts\/66670\/revisions"}],"wp:featuredmedia":[{"embeddable":true,"href":"https:\/\/www.cronacaonline.it\/index.php\/wp-json\/"}],"wp:attachment":[{"href":"https:\/\/www.cronacaonline.it\/index.php\/wp-json\/wp\/v2\/media?parent=66670"}],"wp:term":[{"taxonomy":"category","embeddable":true,"href":"https:\/\/www.cronacaonline.it\/index.php\/wp-json\/wp\/v2\/categories?post=66670"},{"taxonomy":"post_tag","embeddable":true,"href":"https:\/\/www.cronacaonline.it\/index.php\/wp-json\/wp\/v2\/tags?post=66670"}],"curies":[{"name":"wp","href":"https:\/\/api.w.org\/{rel}","templated":true}]}}