{"id":66652,"date":"2011-04-28T00:00:00","date_gmt":"2011-04-27T22:00:00","guid":{"rendered":"http:\/\/www.cronacaonline.it\/public\/content\/index.php\/2011\/04\/28\/accoglienza-profughi-la-spisa-massima-condivisione-con-enti-locali-e-volontariato-per-un-sistema-di-accoglienza-regionale\/"},"modified":"2011-04-28T00:00:00","modified_gmt":"2011-04-27T22:00:00","slug":"accoglienza-profughi-la-spisa-massima-condivisione-con-enti-locali-e-volontariato-per-un-sistema-di-accoglienza-regionale","status":"publish","type":"post","link":"https:\/\/www.cronacaonline.it\/index.php\/2011\/04\/28\/accoglienza-profughi-la-spisa-massima-condivisione-con-enti-locali-e-volontariato-per-un-sistema-di-accoglienza-regionale\/","title":{"rendered":"Accoglienza Profughi, La Spisa &#8220;Massima condivisione con Enti locali e Volontariato per un sistema di accoglienza regionale&#8221;"},"content":{"rendered":"<p><SPAN class=apple-style-span><SPAN style=\"FONT-FAMILY: 'Verdana', 'sans-serif'; COLOR: black; mso-bidi-font-family: Arial\">\u201cSi sta procedendo a un\u2019attenta ricognizione nella massima condivisione con gli Enti Locali per individuare i primi siti ritenuti pi\u00f9 idonei all\u2019accoglienza dei profughi e delle persone in possesso del permesso di soggiorno temporaneo che dovessero chiedere assistenza in Sardegna. Nei prossimi giorni anche attraverso la collaborazione del volontariato verranno formalizzate le disponibilit\u00e0 delle unit\u00e0 d\u2019alloggio disponibili in tutta la Sardegna. <\/SPAN><\/SPAN><\/p>\n<p><SPAN class=apple-style-span><SPAN style=\"FONT-FAMILY: 'Verdana', 'sans-serif'; COLOR: black; mso-bidi-font-family: Arial\">L\u2019indicazione sar\u00e0 ora comunicata al commissario delegato, Franco Gabrielli, per le opportune valutazioni\u201d. E\u2019 quanto affermato dal vice presidente della Regione, Giorgio La Spisa, al termine dell\u2019incontro tenutosi questo pomeriggio tra la Regione, rappresentata anche dall\u2019assessore degli Enti Locali, Nicola Rassu e dal direttore generale della presidenza, Gabriella Massidda e i rappresentanti di Anci, Ups, Caritas, Protezione Civile e Sardegna Solidale, per esaminare la situazione legata all\u2019accoglienza degli immigrati. <\/SPAN><\/SPAN><\/p>\n<p><SPAN class=apple-style-span><SPAN style=\"FONT-FAMILY: 'Verdana', 'sans-serif'; COLOR: black; mso-bidi-font-family: Arial\">\u201cL\u2019accoglienza \u00e8 doverosa \u2013 ha proseguito La Spisa - e la Regione ha da subito messo a disposizione di chi ha chiesto aiuto, strutture ed azioni per favorire al meglio l\u2019ospitalit\u00e0 di queste persone. Per questa prima fase dobbiamo ringraziare la Caritas per la qualit\u00e0 dell\u2019accoglienza, ma ora si dovr\u00e0 interessare l\u2019intero sistema regionale e degli enti locali per predisporre un piano di accoglienza che non si limiti a mettere esclusivamente a disposizione dei locali\u201d. <\/SPAN><\/SPAN><\/p>\n<p><SPAN class=apple-style-span><SPAN style=\"FONT-FAMILY: 'Verdana', 'sans-serif'; COLOR: black; mso-bidi-font-family: Arial\">\u201cCrediamo che ciascuno a livello locale debba fare la sua parte - hanno ribadito La Spisa e Rassu - ma la materia dell\u2019immigrazione deve rimanere competenza dello Stato e questo \u00e8 un punto fermo. Ci \u00e8 stata chiesta la disponibilit\u00e0 e l\u2019abbiamo accordata. Il nostro impegno unitario \u00e8 per garantire l\u2019accoglienza ma tutelando la sicurezza dei nostri cittadini\u201d.<\/SPAN><FONT face=\"\"> Red<\/FONT><\/SPAN><\/SPAN><\/p>\n","protected":false},"excerpt":{"rendered":"<p>\u201cSi sta procedendo a un\u2019attenta ricognizione nella massima condivisione con gli Enti Locali per individuare i primi siti ritenuti pi\u00f9 idonei all\u2019accoglienza dei profughi e&#8230;<\/p>\n","protected":false},"author":2,"featured_media":0,"comment_status":"closed","ping_status":"closed","sticky":false,"template":"","format":"standard","meta":[],"categories":[49],"tags":[],"_links":{"self":[{"href":"https:\/\/www.cronacaonline.it\/index.php\/wp-json\/wp\/v2\/posts\/66652"}],"collection":[{"href":"https:\/\/www.cronacaonline.it\/index.php\/wp-json\/wp\/v2\/posts"}],"about":[{"href":"https:\/\/www.cronacaonline.it\/index.php\/wp-json\/wp\/v2\/types\/post"}],"author":[{"embeddable":true,"href":"https:\/\/www.cronacaonline.it\/index.php\/wp-json\/wp\/v2\/users\/2"}],"replies":[{"embeddable":true,"href":"https:\/\/www.cronacaonline.it\/index.php\/wp-json\/wp\/v2\/comments?post=66652"}],"version-history":[{"count":0,"href":"https:\/\/www.cronacaonline.it\/index.php\/wp-json\/wp\/v2\/posts\/66652\/revisions"}],"wp:attachment":[{"href":"https:\/\/www.cronacaonline.it\/index.php\/wp-json\/wp\/v2\/media?parent=66652"}],"wp:term":[{"taxonomy":"category","embeddable":true,"href":"https:\/\/www.cronacaonline.it\/index.php\/wp-json\/wp\/v2\/categories?post=66652"},{"taxonomy":"post_tag","embeddable":true,"href":"https:\/\/www.cronacaonline.it\/index.php\/wp-json\/wp\/v2\/tags?post=66652"}],"curies":[{"name":"wp","href":"https:\/\/api.w.org\/{rel}","templated":true}]}}