{"id":66649,"date":"2011-04-11T00:00:00","date_gmt":"2011-04-10T22:00:00","guid":{"rendered":"http:\/\/www.cronacaonline.it\/public\/content\/index.php\/2011\/04\/11\/borsa-del-turismo-attivo-in-sardegna-domani-conferenza-stampa-di-presentazione\/"},"modified":"2011-04-11T00:00:00","modified_gmt":"2011-04-10T22:00:00","slug":"borsa-del-turismo-attivo-in-sardegna-domani-conferenza-stampa-di-presentazione","status":"publish","type":"post","link":"https:\/\/www.cronacaonline.it\/index.php\/2011\/04\/11\/borsa-del-turismo-attivo-in-sardegna-domani-conferenza-stampa-di-presentazione\/","title":{"rendered":"Borsa del Turismo Attivo in Sardegna, domani conferenza stampa di presentazione"},"content":{"rendered":"<p><SPAN style=\"LINE-HEIGHT: 115%; FONT-FAMILY: 'Verdana', 'sans-serif'; FONT-SIZE: 12pt\">Unicit\u00e0 e variet\u00e0 di paesaggi e ambiente, clima mite durante quasi tutto l'anno e ospitalit\u00e0 di una popolazione depositaria di tradizioni millenarie. Sono gli ingredienti di attrazione dei quali dispone la Sardegna per conquistare i turisti viaggiatori che amano vivere da protagonisti la vacanza, combinando passioni per natura e scoperta di luoghi incontaminati (tipici delle aree interne dell'Isola), cultura, enogastronomia e sport (come cicloturismo, trekking, arrampicata, nordic walking, equitazione, diving, vela e golf). La Sardegna, dunque, \u00e8 una destinazione ideale per gli amanti del turismo attivo.<\/SPAN><\/p>\n<p><SPAN style=\"LINE-HEIGHT: 115%; FONT-FAMILY: 'Verdana', 'sans-serif'; FONT-SIZE: 12pt\">La seconda edizione della Borsa Internazionale del Turismo Attivo in Sardegna (BITAS), dal 27 aprile al 3 maggio prossimi, grazie alla formula organizzativa del workshop, sar\u00e0 l'occasione per l'incontro tra l'offerta regionale e la domanda nazionale e internazionale di questo segmento del settore vacanze.<\/SPAN><\/p>\n<p><SPAN style=\"LINE-HEIGHT: 115%; FONT-FAMILY: 'Verdana', 'sans-serif'; FONT-SIZE: 12pt\">L'edizione 2011, nello scenario del Forte Village Resort di Santa Margherita di Pula, proporr\u00e0 tante accattivanti novit\u00e0, che saranno presentate dall'assessore regionale Luigi Crisponi nel corso di una conferenza stampa che si svolger\u00e0<\/SPAN><SPAN class=apple-converted-space><SPAN style=\"LINE-HEIGHT: 115%; FONT-FAMILY: 'Verdana', 'sans-serif'; COLOR: black; FONT-SIZE: 12pt; mso-bidi-font-family: Arial\">&nbsp;<\/SPAN><\/SPAN><SPAN style=\"LINE-HEIGHT: 115%; FONT-FAMILY: 'Verdana', 'sans-serif'; FONT-SIZE: 12pt\"><A href=\"javascript:mails_addtocal(2,%22domani%22);\"><SPAN style=\"COLOR: #ff8000; mso-bidi-font-family: Arial\">domani<\/SPAN><\/A>, marted\u00ec 12 aprile, alle 11 a Cagliari, nella sede dell'assessorato del Turismo, Artigianato e Commercio (Sala conferenze, sesto piano), in viale Trieste 105. Red<\/SPAN><\/p>\n","protected":false},"excerpt":{"rendered":"<p>Unicit\u00e0 e variet\u00e0 di paesaggi e ambiente, clima mite durante quasi tutto l&#8217;anno e ospitalit\u00e0 di una popolazione depositaria di tradizioni millenarie. Sono gli ingredienti&#8230;<\/p>\n","protected":false},"author":2,"featured_media":0,"comment_status":"closed","ping_status":"closed","sticky":false,"template":"","format":"standard","meta":[],"categories":[49],"tags":[],"_links":{"self":[{"href":"https:\/\/www.cronacaonline.it\/index.php\/wp-json\/wp\/v2\/posts\/66649"}],"collection":[{"href":"https:\/\/www.cronacaonline.it\/index.php\/wp-json\/wp\/v2\/posts"}],"about":[{"href":"https:\/\/www.cronacaonline.it\/index.php\/wp-json\/wp\/v2\/types\/post"}],"author":[{"embeddable":true,"href":"https:\/\/www.cronacaonline.it\/index.php\/wp-json\/wp\/v2\/users\/2"}],"replies":[{"embeddable":true,"href":"https:\/\/www.cronacaonline.it\/index.php\/wp-json\/wp\/v2\/comments?post=66649"}],"version-history":[{"count":0,"href":"https:\/\/www.cronacaonline.it\/index.php\/wp-json\/wp\/v2\/posts\/66649\/revisions"}],"wp:attachment":[{"href":"https:\/\/www.cronacaonline.it\/index.php\/wp-json\/wp\/v2\/media?parent=66649"}],"wp:term":[{"taxonomy":"category","embeddable":true,"href":"https:\/\/www.cronacaonline.it\/index.php\/wp-json\/wp\/v2\/categories?post=66649"},{"taxonomy":"post_tag","embeddable":true,"href":"https:\/\/www.cronacaonline.it\/index.php\/wp-json\/wp\/v2\/tags?post=66649"}],"curies":[{"name":"wp","href":"https:\/\/api.w.org\/{rel}","templated":true}]}}