{"id":66616,"date":"2011-04-12T00:00:00","date_gmt":"2011-04-11T22:00:00","guid":{"rendered":"http:\/\/www.cronacaonline.it\/public\/content\/index.php\/2011\/04\/12\/artigianato-collezione-domo-in-vetrina-a-milano-con-eccellenze-manifatturiere-sarde\/"},"modified":"2011-04-12T00:00:00","modified_gmt":"2011-04-11T22:00:00","slug":"artigianato-collezione-domo-in-vetrina-a-milano-con-eccellenze-manifatturiere-sarde","status":"publish","type":"post","link":"https:\/\/www.cronacaonline.it\/index.php\/2011\/04\/12\/artigianato-collezione-domo-in-vetrina-a-milano-con-eccellenze-manifatturiere-sarde\/","title":{"rendered":"Artigianato &#8211; Collezione Domo in vetrina a Milano con eccellenze manifatturiere sarde."},"content":{"rendered":"<p>Da oggi, marted\u00ec 12 aprile, e fino a domenica 17, alla mostra al \"Fuorisalone di Milano\", in Cascina Cuccagna, edificio del tardo Seicento, nella zona di Porta Romana, sar\u00e0 esposta la collezione di artigianato sardo \"Domo\", composta da 35 manufatti ideati da celebri designer.<\/p>\n<p>La collezione \u2018Domo\u2019, realizzata nel 2009 dall\u2019assessorato regionale del Turismo, Artigianato e Commercio, in occasione della XIX Biennale dell\u2019Artigianato sardo, ha visto il coinvolgimento di 60 botteghe artigiane della Sardegna e 32 designer di ambito internazionale. <\/p>\n<p>Sessanta stanze sono dedicate all\u2019artigianato italiano di qualit\u00e0, nell\u2019ambito di un progetto dal titolo \"Artigianato come passione\", inserito all\u2019interno del circuito milanese \"Fuorisalone\". Il concept e l\u2019allestimento, per il quale sono previsti gli arredi della designer inglese Katrin Arens e gli elementi di illuminazione a cura di \u2018&amp;Tradition e Muuto\u2019, \u00e8 ideato e realizzato in collaborazione con le \u2018interior stylist\u2019 Giovanna Fra, Cristina Gigli e Vanessa Pisk per \u2018Casafacile\u2019 (mensile di arredamento).<\/p>\n<p>\"Il progetto \u2018Domo\u2019 \u2013 ha spiegato l\u2019assessore regionale del Turismo, Artigianato e Commercio Luigi Crisponi \u2013 \u00e8 emblema di un artigianato sardo in fermento e in rapida evoluzione, capace di inventare forme nuove e funzionali e, nel contempo, ricche del ricordo della tradizione e di caratteri identitari. Per il comparto artigianale isolano la partecipazione a questo rinomato evento \u00e8, nel contempo, la conferma dell\u2019eccellenza delle produzioni manifatturiere isolane e un ulteriore stimolo a mantenere un alto standard qualitativo per misurarsi con la concorrenza della penisola e internazionale\". <\/p>\n<p>\"La vetrina \u2013 ha concluso l\u2019assessore Crisponi - \u00e8 di primo livello anche perch\u00e9 la manifestazione \u00e8 attentamente seguita da media e buyers provenienti da tutto il mondo\". Red.<\/p>\n","protected":false},"excerpt":{"rendered":"<p>Da oggi, marted\u00ec 12 aprile, e fino a domenica 17, alla mostra al &#8220;Fuorisalone di Milano&#8221;, in Cascina Cuccagna, edificio del tardo Seicento, nella zona&#8230;<\/p>\n","protected":false},"author":2,"featured_media":0,"comment_status":"closed","ping_status":"closed","sticky":false,"template":"","format":"standard","meta":[],"categories":[49],"tags":[],"_links":{"self":[{"href":"https:\/\/www.cronacaonline.it\/index.php\/wp-json\/wp\/v2\/posts\/66616"}],"collection":[{"href":"https:\/\/www.cronacaonline.it\/index.php\/wp-json\/wp\/v2\/posts"}],"about":[{"href":"https:\/\/www.cronacaonline.it\/index.php\/wp-json\/wp\/v2\/types\/post"}],"author":[{"embeddable":true,"href":"https:\/\/www.cronacaonline.it\/index.php\/wp-json\/wp\/v2\/users\/2"}],"replies":[{"embeddable":true,"href":"https:\/\/www.cronacaonline.it\/index.php\/wp-json\/wp\/v2\/comments?post=66616"}],"version-history":[{"count":0,"href":"https:\/\/www.cronacaonline.it\/index.php\/wp-json\/wp\/v2\/posts\/66616\/revisions"}],"wp:attachment":[{"href":"https:\/\/www.cronacaonline.it\/index.php\/wp-json\/wp\/v2\/media?parent=66616"}],"wp:term":[{"taxonomy":"category","embeddable":true,"href":"https:\/\/www.cronacaonline.it\/index.php\/wp-json\/wp\/v2\/categories?post=66616"},{"taxonomy":"post_tag","embeddable":true,"href":"https:\/\/www.cronacaonline.it\/index.php\/wp-json\/wp\/v2\/tags?post=66616"}],"curies":[{"name":"wp","href":"https:\/\/api.w.org\/{rel}","templated":true}]}}