{"id":66614,"date":"2011-04-07T00:00:00","date_gmt":"2011-04-06T22:00:00","guid":{"rendered":"http:\/\/www.cronacaonline.it\/public\/content\/index.php\/2011\/04\/07\/domani-lassessore-cherchi-in-visita-al-consorzio-indstriale-di-oristano\/"},"modified":"2011-04-07T00:00:00","modified_gmt":"2011-04-06T22:00:00","slug":"domani-lassessore-cherchi-in-visita-al-consorzio-indstriale-di-oristano","status":"publish","type":"post","link":"https:\/\/www.cronacaonline.it\/index.php\/2011\/04\/07\/domani-lassessore-cherchi-in-visita-al-consorzio-indstriale-di-oristano\/","title":{"rendered":"Domani l&#8217;assessore Cherchi in visita al Consorzio Indstriale di Oristano."},"content":{"rendered":"<p>Domani, venerd\u00ec 8 novembre, alle 10.00, dopo le visite gi\u00e0 effettuate ai Consorzi Industriali di Arbatax-Tortol\u00ec e Nuoro, l\u2019assessore all\u2019Industria, Oscar Cherchi, sar\u00e0 ad Oristano, per incontrare i vertici del Consorzio Industriale oristanese.<\/p>\n<p>All\u2019incontro di domani, saranno presenti i rappresentanti delle amministrazioni locali e delle varie associazioni di categoria. \"E\u2019 necessario - ha commentato l\u2019esponente della Giunta Cappellacci - adeguare le funzioni dei Consorzi Industriali alle mutate esigenze dell\u2019utenza. Con il passare degli anni il vecchio modello di funzionamento ha bisogno di una rivitalizzazione profonda. Bisogna avvicinarsi il pi\u00f9 possibile alle necessit\u00e0 delle imprese con i servizi e i supporti necessari allo sviluppo, evitando il pi\u00f9 possibile che il compito dei consorzi sia solo quello di semplice passacarte, per assumere un ruolo pi\u00f9 attivo nei processi economico produttivi delle aziende\".<\/p>\n<p>Al termine, l\u2019Assessore Cherchi, accompagnato da una delegazione dell\u2019Assessorato, visiter\u00e0 alcune imprese della Zona consortile oristanese. Red.<\/p>\n","protected":false},"excerpt":{"rendered":"<p>Domani, venerd\u00ec 8 novembre, alle 10.00, dopo le visite gi\u00e0 effettuate ai Consorzi Industriali di Arbatax-Tortol\u00ec e Nuoro, l\u2019assessore all\u2019Industria, Oscar Cherchi, sar\u00e0 ad Oristano,&#8230;<\/p>\n","protected":false},"author":2,"featured_media":0,"comment_status":"closed","ping_status":"closed","sticky":false,"template":"","format":"standard","meta":[],"categories":[49],"tags":[],"_links":{"self":[{"href":"https:\/\/www.cronacaonline.it\/index.php\/wp-json\/wp\/v2\/posts\/66614"}],"collection":[{"href":"https:\/\/www.cronacaonline.it\/index.php\/wp-json\/wp\/v2\/posts"}],"about":[{"href":"https:\/\/www.cronacaonline.it\/index.php\/wp-json\/wp\/v2\/types\/post"}],"author":[{"embeddable":true,"href":"https:\/\/www.cronacaonline.it\/index.php\/wp-json\/wp\/v2\/users\/2"}],"replies":[{"embeddable":true,"href":"https:\/\/www.cronacaonline.it\/index.php\/wp-json\/wp\/v2\/comments?post=66614"}],"version-history":[{"count":0,"href":"https:\/\/www.cronacaonline.it\/index.php\/wp-json\/wp\/v2\/posts\/66614\/revisions"}],"wp:attachment":[{"href":"https:\/\/www.cronacaonline.it\/index.php\/wp-json\/wp\/v2\/media?parent=66614"}],"wp:term":[{"taxonomy":"category","embeddable":true,"href":"https:\/\/www.cronacaonline.it\/index.php\/wp-json\/wp\/v2\/categories?post=66614"},{"taxonomy":"post_tag","embeddable":true,"href":"https:\/\/www.cronacaonline.it\/index.php\/wp-json\/wp\/v2\/tags?post=66614"}],"curies":[{"name":"wp","href":"https:\/\/api.w.org\/{rel}","templated":true}]}}