{"id":66512,"date":"2011-04-06T00:00:00","date_gmt":"2011-04-05T22:00:00","guid":{"rendered":"http:\/\/www.cronacaonline.it\/public\/content\/index.php\/2011\/04\/06\/in-seconda-commissione-diritti-civili-proseguono-le-audizioni-sul-testo-unificato-sulle-adozioni-e-gli-affidi-tribunale-dei-minori-di-cagliari-e-comune-di-sassari\/"},"modified":"2011-04-06T00:00:00","modified_gmt":"2011-04-05T22:00:00","slug":"in-seconda-commissione-diritti-civili-proseguono-le-audizioni-sul-testo-unificato-sulle-adozioni-e-gli-affidi-tribunale-dei-minori-di-cagliari-e-comune-di-sassari","status":"publish","type":"post","link":"https:\/\/www.cronacaonline.it\/index.php\/2011\/04\/06\/in-seconda-commissione-diritti-civili-proseguono-le-audizioni-sul-testo-unificato-sulle-adozioni-e-gli-affidi-tribunale-dei-minori-di-cagliari-e-comune-di-sassari\/","title":{"rendered":"In Seconda commissione (Diritti civili) proseguono le audizioni sul testo unificato sulle adozioni e gli affidi: Tribunale dei minori di Cagliari e Comune di Sassari"},"content":{"rendered":"<p><SPAN style=\"FONT-FAMILY: 'Verdana', 'sans-serif'\">Ancora pareri negativi all\u2019istituzione in Sardegna di un\u2019Agenzia regionale per le adozioni internazionali, ma sollecitazioni a creare un centro unico che si occupi delle problematiche e dei disagi all\u2019interno delle famiglie. La Seconda commissione (Diritti civili), presieduta da Silvestro Ladu (Pdl), ha proseguito i lavori sul testo unificato 131-133 sulle adozioni e gli affidi sentendo in audizione la Procura della Repubblica presso il Tribunale dei minori di Cagliari e i rappresentanti del Comune di Sassari.<\/SPAN><\/p>\n<p><SPAN style=\"FONT-FAMILY: 'Verdana', 'sans-serif'\">A illustrare le criticit\u00e0 del settore Anna Cau, sostituto procuratore al Tribunale dei minori del capoluogo: \u201cNon abbiamo bisogno di leggi che istituiscano nuovi enti, ma che regolino e incentivino lo sviluppo e il miglioramento dell\u2019esistente\u201d. Cos\u00ec il magistrato ha chiarito la sua posizione riguardo all\u2019istituzione dell\u2019Agenzia regionale per le adozioni: \u201cI numeri non sono tali in una regione piccola come la nostra da giustificare la creazione di un ente ad hoc\u201d. A parere della Cau sarebbe invece utile potenziare l\u2019esistente e in particolare, nell\u2019ambito giudiziario e relativamente alle decisioni sui minori disagiati, rafforzare gli uffici nati proprio per rappresentare un\u2019interfaccia tra il sistema dei servizi sociali e le istituzioni. \u201cTutto ci\u00f2 che concerne i vari aspetti del processo che porta un minore all\u2019affidamento o all\u2019adozione attualmente \u00e8 eccessivamente frazionato e parcellizzato in troppi organismi che per\u00f2 non hanno un coordinamento \u2013 ha spiegato Anna Cau \u2013 sarebbe necessario attivare una regia unica che coordini il lavoro dei vari centri per gli affidi nelle diverse province e che istituisca una banca dati delle famiglie affidatarie\u201d. Accanto a questi provvedimenti \u00e8 stata sottolineata la necessit\u00e0 di agire con pi\u00f9 incisione sul lavoro dei servizi sociali nei confronti delle famiglie di origine a cui viene tolto un figlio temporaneamente, per metterle in condizione di sanare la propria situazione e ricreare un ambiente familiare ottimale per il minore. Per quanto riguarda le adozioni secondo il magistrato \u00e8 necessaria una linea omogenea nell\u2019indagine sull\u2019idoneit\u00e0 delle coppie che fanno richiesta di un bambino in adozione.<\/SPAN><\/p>\n<p><SPAN style=\"FONT-FAMILY: 'Verdana', 'sans-serif'\">Anche Tina Oliva e Valentina Pinna, assistente sociale e psicologa del Comune di Sassari, hanno ribadito le stesse criticit\u00e0 e la contrariet\u00e0 all\u2019istituzione di un\u2019Agenzia regionale per le adozioni, ricordando l\u2019esperienza negativa e particolarmente onerosa della regione Piemonte e sottolineando invece l\u2019urgenza di un organismo che coordini e sovrintenda tutti i vari organismi coinvolti nei processi di affidamento e adozione. Red<\/SPAN><\/p>\n","protected":false},"excerpt":{"rendered":"<p>Ancora pareri negativi all\u2019istituzione in Sardegna di un\u2019Agenzia regionale per le adozioni internazionali, ma sollecitazioni a creare un centro unico che si occupi delle problematiche&#8230;<\/p>\n","protected":false},"author":2,"featured_media":0,"comment_status":"closed","ping_status":"closed","sticky":false,"template":"","format":"standard","meta":[],"categories":[49],"tags":[],"_links":{"self":[{"href":"https:\/\/www.cronacaonline.it\/index.php\/wp-json\/wp\/v2\/posts\/66512"}],"collection":[{"href":"https:\/\/www.cronacaonline.it\/index.php\/wp-json\/wp\/v2\/posts"}],"about":[{"href":"https:\/\/www.cronacaonline.it\/index.php\/wp-json\/wp\/v2\/types\/post"}],"author":[{"embeddable":true,"href":"https:\/\/www.cronacaonline.it\/index.php\/wp-json\/wp\/v2\/users\/2"}],"replies":[{"embeddable":true,"href":"https:\/\/www.cronacaonline.it\/index.php\/wp-json\/wp\/v2\/comments?post=66512"}],"version-history":[{"count":0,"href":"https:\/\/www.cronacaonline.it\/index.php\/wp-json\/wp\/v2\/posts\/66512\/revisions"}],"wp:attachment":[{"href":"https:\/\/www.cronacaonline.it\/index.php\/wp-json\/wp\/v2\/media?parent=66512"}],"wp:term":[{"taxonomy":"category","embeddable":true,"href":"https:\/\/www.cronacaonline.it\/index.php\/wp-json\/wp\/v2\/categories?post=66512"},{"taxonomy":"post_tag","embeddable":true,"href":"https:\/\/www.cronacaonline.it\/index.php\/wp-json\/wp\/v2\/tags?post=66512"}],"curies":[{"name":"wp","href":"https:\/\/api.w.org\/{rel}","templated":true}]}}