{"id":66500,"date":"2011-04-17T00:00:00","date_gmt":"2011-04-16T22:00:00","guid":{"rendered":"http:\/\/www.cronacaonline.it\/public\/content\/index.php\/2011\/04\/17\/nuovo-attacco-ai-magistrati-e-al-presunto-patto-tra-magistratura-e-fini\/"},"modified":"2011-04-17T00:00:00","modified_gmt":"2011-04-16T22:00:00","slug":"nuovo-attacco-ai-magistrati-e-al-presunto-patto-tra-magistratura-e-fini","status":"publish","type":"post","link":"https:\/\/www.cronacaonline.it\/index.php\/2011\/04\/17\/nuovo-attacco-ai-magistrati-e-al-presunto-patto-tra-magistratura-e-fini\/","title":{"rendered":"Nuovo attacco ai magistrati e al presunto patto tra magistratura e Fini,"},"content":{"rendered":"<p><SPAN style=\"WIDOWS: 2; TEXT-TRANSFORM: none; TEXT-INDENT: 0px; BORDER-COLLAPSE: separate; FONT: 16px 'Times New Roman'; WHITE-SPACE: normal; ORPHANS: 2; LETTER-SPACING: normal; COLOR: rgb(0,0,0); WORD-SPACING: 0px; -webkit-border-horizontal-spacing: 0px; -webkit-border-vertical-spacing: 0px; -webkit-text-decorations-in-effect: none; -webkit-text-size-adjust: auto; -webkit-text-stroke-width: 0px\" class=Apple-style-span><SPAN style=\"LINE-HEIGHT: 21px; FONT-FAMILY: Georgia, Palatino, serif; COLOR: rgb(70,70,70); FONT-SIZE: 14px\" class=Apple-style-span>Pronta la reazione dei magistrati, di Antonio Di Pietro e di Gianfranco Fini. \u00abQuando Berlusconi dice che l'Anm avrebbe firmato un accordo con Fini dice una bugia, una grave calunnia. Inviterei presidente del Consiglio a fare nomi e a farci vedere il documento di cui parla\u00bb, \u00e8 il commento del segretario dell'Anm Giuseppe Cascini, che nel corso della trasmissione \u00abIn mezz'ora\u00bb ha parlato di un \u00abmetodo di avvelenare le acque\u00bb. Ha definito inoltre uno \u00abscempio istituzionale\u00bb il fatto che si facciano leggi \u00abper determinare effetti su singoli processi\u00bb. <\/SPAN><\/SPAN><\/p>\n<p><SPAN style=\"WIDOWS: 2; TEXT-TRANSFORM: none; TEXT-INDENT: 0px; BORDER-COLLAPSE: separate; FONT: 16px 'Times New Roman'; WHITE-SPACE: normal; ORPHANS: 2; LETTER-SPACING: normal; COLOR: rgb(0,0,0); WORD-SPACING: 0px; -webkit-border-horizontal-spacing: 0px; -webkit-border-vertical-spacing: 0px; -webkit-text-decorations-in-effect: none; -webkit-text-size-adjust: auto; -webkit-text-stroke-width: 0px\" class=Apple-style-span><SPAN style=\"LINE-HEIGHT: 21px; FONT-FAMILY: Georgia, Palatino, serif; COLOR: rgb(70,70,70); FONT-SIZE: 14px\" class=Apple-style-span>\u00abUn fatto gravissimo, andr\u00f2 a denunciarlo\u00bb, ha detto Antonio Di Pietro, anche lui ospite in trasmissione. \u00abSu Fini, Berlusconi ha detto cose gravissime. Io non credo che sia avvenuto un fatto del genere ma la magistratura deve indagare perch\u00e9 o \u00e8 una calunnia o \u00e8 un fatto vero. Bisogna accertare la verit\u00e0\u00bb, ha detto il leader Idv. Durissimo anche il presidente della Camera Gianfranco Fini: \u00abL'escalation di quotidiane menzogne di Berlusconi non \u00e8 pi\u00f9 tollerabile. Anche oggi, e per l'ennesima volta, il presidente del Consiglio ha detto di avere le prove di un patto scellerato che avrei sottoscritto con la magistratura per impedire le riforme della giustizia. <\/SPAN><\/SPAN><\/p>\n<p><SPAN style=\"WIDOWS: 2; TEXT-TRANSFORM: none; TEXT-INDENT: 0px; BORDER-COLLAPSE: separate; FONT: 16px 'Times New Roman'; WHITE-SPACE: normal; ORPHANS: 2; LETTER-SPACING: normal; COLOR: rgb(0,0,0); WORD-SPACING: 0px; -webkit-border-horizontal-spacing: 0px; -webkit-border-vertical-spacing: 0px; -webkit-text-decorations-in-effect: none; -webkit-text-size-adjust: auto; -webkit-text-stroke-width: 0px\" class=Apple-style-span><SPAN style=\"LINE-HEIGHT: 21px; FONT-FAMILY: Georgia, Palatino, serif; COLOR: rgb(70,70,70); FONT-SIZE: 14px\" class=Apple-style-span>Lo sfido&nbsp;- aggiunto - &nbsp;a dimostrare quel che dice: dica il nome del magistrato che glielo avrebbe detto, e fornisca le prove a sostegno delle sue parole: se non risponder\u00e0, cosa di cui sono certo, gli italiani avranno la prova che non sa cosa significhi la parola vergogna\u00bb.<\/SPAN><\/SPAN><\/p>\n","protected":false},"excerpt":{"rendered":"<p>Pronta la reazione dei magistrati, di Antonio Di Pietro e di Gianfranco Fini. \u00abQuando Berlusconi dice che l&#8217;Anm avrebbe firmato un accordo con Fini dice&#8230;<\/p>\n","protected":false},"author":2,"featured_media":0,"comment_status":"closed","ping_status":"closed","sticky":false,"template":"","format":"standard","meta":[],"categories":[49],"tags":[],"_links":{"self":[{"href":"https:\/\/www.cronacaonline.it\/index.php\/wp-json\/wp\/v2\/posts\/66500"}],"collection":[{"href":"https:\/\/www.cronacaonline.it\/index.php\/wp-json\/wp\/v2\/posts"}],"about":[{"href":"https:\/\/www.cronacaonline.it\/index.php\/wp-json\/wp\/v2\/types\/post"}],"author":[{"embeddable":true,"href":"https:\/\/www.cronacaonline.it\/index.php\/wp-json\/wp\/v2\/users\/2"}],"replies":[{"embeddable":true,"href":"https:\/\/www.cronacaonline.it\/index.php\/wp-json\/wp\/v2\/comments?post=66500"}],"version-history":[{"count":0,"href":"https:\/\/www.cronacaonline.it\/index.php\/wp-json\/wp\/v2\/posts\/66500\/revisions"}],"wp:attachment":[{"href":"https:\/\/www.cronacaonline.it\/index.php\/wp-json\/wp\/v2\/media?parent=66500"}],"wp:term":[{"taxonomy":"category","embeddable":true,"href":"https:\/\/www.cronacaonline.it\/index.php\/wp-json\/wp\/v2\/categories?post=66500"},{"taxonomy":"post_tag","embeddable":true,"href":"https:\/\/www.cronacaonline.it\/index.php\/wp-json\/wp\/v2\/tags?post=66500"}],"curies":[{"name":"wp","href":"https:\/\/api.w.org\/{rel}","templated":true}]}}