{"id":66477,"date":"2011-04-29T00:00:00","date_gmt":"2011-04-28T22:00:00","guid":{"rendered":"http:\/\/www.cronacaonline.it\/public\/content\/index.php\/2011\/04\/29\/guida-audio-video-a-palazzo-regio-per-i-visitatori-e-i-turisti-a-cagliari-del-primo-maggio\/"},"modified":"2011-04-29T00:00:00","modified_gmt":"2011-04-28T22:00:00","slug":"guida-audio-video-a-palazzo-regio-per-i-visitatori-e-i-turisti-a-cagliari-del-primo-maggio","status":"publish","type":"post","link":"https:\/\/www.cronacaonline.it\/index.php\/2011\/04\/29\/guida-audio-video-a-palazzo-regio-per-i-visitatori-e-i-turisti-a-cagliari-del-primo-maggio\/","title":{"rendered":"Guida audio-video a Palazzo Regio per i visitatori e i turisti a Cagliari del primo maggio."},"content":{"rendered":"<p>Il primo maggio, a Cagliari, i turisti di Palazzo Regio verranno accolti con tablet multimediali, contenenti una guida audio-video appositamente realizzata dalla Provincia di Cagliari.<\/p>\n<p>Il presidente Graziano Milia ha cos\u00ec commentato la nuova: \"L'iniziativa \u00e8 unica nel suo genere in tutto il territorio sardo e vuole cogliere l'obiettivo di assicurare una sempre maggiore fruibilit\u00e0 dei nostri monumenti e dei luoghi di interesse storico e culturale ai turisti e visitatori in genere, una novit\u00e0 che, ne siamo certi, sar\u00e0 ben accolta e gradita\".<BR><BR>L'audio-video guida di Palazzo Regio, della durata di 35 minuti, \u00e8 stata curata dalla prof.ssa Cecilia Tasca (per i testi) e dal giornalista Antonio Lai (per la regia e le immagini). In sei lingue, incluso il Catalano di Alghero e il Sardo Campidanese, nelle prossime settimane l'audio sar\u00e0 arricchito da alcuni idiomi del bacino del Mediterraneo.<BR><BR>Si tratta di una sostanziale innovazione, che render\u00e0 pi\u00f9 semplice ed efficace la visita di tutti gli ambienti del fabbricato, riducendo il disagio dovuto spesso alla frequentazione di grandi gruppi di turisti e visitatori in genere, ma diluir\u00e0 anche i tempi di visita facendo scoprire al contempo piacevoli e inaspettati retroscena della storia del Palazzo.<\/p>\n<p>\"Non c'era migliore occasione - ha detto Milia - per festeggiare in questo modo una giornata speciale per la Sardegna e per tutto il mondo, una giornata in cui si celebra in un sol colpo la festa dei lavoratori, la Sagra di Sant'Efisio e il processo di beatificazione di Giovanni Paolo II\". Com.<\/p>\n","protected":false},"excerpt":{"rendered":"<p>Il primo maggio, a Cagliari, i turisti di Palazzo Regio verranno accolti con tablet multimediali, contenenti una guida audio-video appositamente realizzata dalla Provincia di Cagliari.&#8230;<\/p>\n","protected":false},"author":2,"featured_media":8970,"comment_status":"closed","ping_status":"closed","sticky":false,"template":"","format":"standard","meta":[],"categories":[49],"tags":[],"_links":{"self":[{"href":"https:\/\/www.cronacaonline.it\/index.php\/wp-json\/wp\/v2\/posts\/66477"}],"collection":[{"href":"https:\/\/www.cronacaonline.it\/index.php\/wp-json\/wp\/v2\/posts"}],"about":[{"href":"https:\/\/www.cronacaonline.it\/index.php\/wp-json\/wp\/v2\/types\/post"}],"author":[{"embeddable":true,"href":"https:\/\/www.cronacaonline.it\/index.php\/wp-json\/wp\/v2\/users\/2"}],"replies":[{"embeddable":true,"href":"https:\/\/www.cronacaonline.it\/index.php\/wp-json\/wp\/v2\/comments?post=66477"}],"version-history":[{"count":0,"href":"https:\/\/www.cronacaonline.it\/index.php\/wp-json\/wp\/v2\/posts\/66477\/revisions"}],"wp:featuredmedia":[{"embeddable":true,"href":"https:\/\/www.cronacaonline.it\/index.php\/wp-json\/"}],"wp:attachment":[{"href":"https:\/\/www.cronacaonline.it\/index.php\/wp-json\/wp\/v2\/media?parent=66477"}],"wp:term":[{"taxonomy":"category","embeddable":true,"href":"https:\/\/www.cronacaonline.it\/index.php\/wp-json\/wp\/v2\/categories?post=66477"},{"taxonomy":"post_tag","embeddable":true,"href":"https:\/\/www.cronacaonline.it\/index.php\/wp-json\/wp\/v2\/tags?post=66477"}],"curies":[{"name":"wp","href":"https:\/\/api.w.org\/{rel}","templated":true}]}}