{"id":66463,"date":"2011-04-07T00:00:00","date_gmt":"2011-04-06T22:00:00","guid":{"rendered":"http:\/\/www.cronacaonline.it\/public\/content\/index.php\/2011\/04\/07\/una-galleria-commerciale-completa-con-tante-novita\/"},"modified":"2011-04-07T00:00:00","modified_gmt":"2011-04-06T22:00:00","slug":"una-galleria-commerciale-completa-con-tante-novita","status":"publish","type":"post","link":"https:\/\/www.cronacaonline.it\/index.php\/2011\/04\/07\/una-galleria-commerciale-completa-con-tante-novita\/","title":{"rendered":"Una Galleria commerciale completa con tante novit\u00e0"},"content":{"rendered":"<p><SPAN style=\"LINE-HEIGHT: 115%; FONT-FAMILY: 'Verdana', 'sans-serif'; FONT-SIZE: 12pt; mso-fareast-language: IT\">Nasce a Sassari la Galleria Tanit, <st1:metricconverter w:st=\"on\" ProductID=\"9.500 metri quadrati\">9.500 metri quadrati<\/st1:metricconverter> composti da un ampia scelta di negozi e servizi capaci di soddisfare qualsiasi richiesta. La struttura sorge sulla via Predda Niedda, all\u2019incrocio con la strada che conduce a Caniga, a poco pi\u00f9 di <st1:metricconverter w:st=\"on\" ProductID=\"100 metri\">100 metri<\/st1:metricconverter> dalla chiesa di Santa Maria di Betlem.<\/SPAN><\/p>\n<p><SPAN style=\"LINE-HEIGHT: 115%; FONT-FAMILY: 'Verdana', 'sans-serif'; FONT-SIZE: 12pt; mso-fareast-language: IT\">La Galleria si pone l\u2019obiettivo di rispondere alle esigenze del consumatore e di mostrare alcune piacevoli novit\u00e0 a Sassari nel mondo della vendita al dettaglio. <\/SPAN><\/p>\n<p><SPAN style=\"LINE-HEIGHT: 115%; FONT-FAMILY: 'Verdana', 'sans-serif'; FONT-SIZE: 12pt; mso-fareast-language: IT\">Il 14 aprile \u00e8 prevista l\u2019apertura dell\u2019intero immobile.<\/SPAN><\/p>\n<p><SPAN style=\"LINE-HEIGHT: 115%; FONT-FAMILY: 'Verdana', 'sans-serif'; FONT-SIZE: 12pt; mso-fareast-language: IT\">La nuova Galleria \u00e8 stata presentata oggi nella sede di Masema alla presenza di Riccardo Gianino della Masema e di Anna Maria Murruzzu direttrice della Galleria.<\/SPAN><\/p>\n<p><SPAN style=\"LINE-HEIGHT: 115%; FONT-FAMILY: 'Verdana', 'sans-serif'; FONT-SIZE: 12pt; mso-fareast-language: IT\">La Galleria Tanit vanta un assortimento con diverse novit\u00e0, alcune gestite direttamente dalla casa madre altre invece gestite dall\u2019imprenditore locale:<I style=\"mso-bidi-font-style: normal\"> Silvian Heach, Kisen\u00e8, <st1:PersonName w:st=\"on\" ProductID=\"La Gardenia\">La Gardenia<\/st1:PersonName>, Open Games, Nara Camicie, Bottega Verde, Eye Sport, 7 Camicie, &nbsp;Zuiki, Nuna Lie, Elexia, Six.<\/I><\/SPAN><\/p>\n<p><SPAN style=\"LINE-HEIGHT: 115%; FONT-FAMILY: 'Verdana', 'sans-serif'; FONT-SIZE: 12pt; mso-fareast-language: IT\">A queste si accompagnano marchi consolidati che da sempre fanno la fortuna dei complessi commerciali: <I style=\"mso-bidi-font-style: normal\">Blu Kids, Motivi, Oltre, H3G, Salmoiraghi &amp; Vigan\u00f2, Cinti, Original Marines, Stroili Oro,&nbsp;Segue, Colours&amp;Beauty.<\/I><\/SPAN><\/p>\n<p><SPAN style=\"LINE-HEIGHT: 115%; FONT-FAMILY: 'Verdana', 'sans-serif'; FONT-SIZE: 12pt; mso-fareast-language: IT\">Alle insegne nazioni si accompagneranno anche alcuni marchi locali conosciuti nel territorio:<I style=\"mso-bidi-font-style: normal\"><SPAN style=\"mso-spacerun: yes\">&nbsp; <\/SPAN>Desole Bimbi, Marzia, Pelle &amp; Company<\/I><\/SPAN><\/p>\n<p><SPAN style=\"LINE-HEIGHT: 115%; FONT-FAMILY: 'Verdana', 'sans-serif'; FONT-SIZE: 12pt; mso-fareast-language: IT\">Novit\u00e0 anche nel campo dei servizi e della ristorazione: <I style=\"mso-bidi-font-style: normal\">Cioccolateria \u201cMirco Della Vecchia\u201d, Assistenza Informatica \u201cMA Technology\u201d, Sala Giochi \u201cAlephmatic\u201d, Centro Estetico e Parrucchiere \u201cChocolat\u201d, Ristorazione Veloce \u201cTie Break\u201d, Ristorante \u201cTanit\u201d, Baby Parking \u201cL\u2019Isola del divertimento\u201d, Agenzia di Viaggi \u201cJanas\u201d, Bar \u201cCaff\u00e8 Lounge P\u201d, una Libreria<\/I><\/SPAN><\/p>\n<p><SPAN style=\"LINE-HEIGHT: 115%; FONT-FAMILY: 'Verdana', 'sans-serif'; FONT-SIZE: 12pt; mso-fareast-language: IT\">La Galleria \u201cTanit\u201d associa cos\u00ec la presenza dei marchi nazionali con lo spirito imprenditoriale dell\u2019investitore locale.<\/SPAN><\/p>\n<p><SPAN style=\"LINE-HEIGHT: 115%; FONT-FAMILY: 'Verdana', 'sans-serif'; FONT-SIZE: 12pt; mso-fareast-language: IT\">Le aspettative che derivano dall\u2019apertura della nuova struttura sono tante, in modo particolare per gli innegabili sviluppi occupazionali e di indotto lavorativo che il Parco Commerciale ha generato in fase realizzativa. Basti pensare alle centinaia di imprese che si sono adoperate affinch\u00e9 fosse completata la struttura e a tutte quelle aziende che verranno chiamate durante la gestione ordinaria e straordinaria della struttura: aziende di pulizie, smaltimento rifiuti, elettricisti, impiantisti, fornitori, produttori, e altre ancora. Tutti troveranno in Tanit un\u2019ulteriore occasione per impegnare la propria professionalit\u00e0 e i propri servizi. Cospicuo sar\u00e0 anche il numero di assunzioni dirette dei negozianti.<\/SPAN><\/p>\n<p><SPAN style=\"LINE-HEIGHT: 115%; FONT-FAMILY: 'Verdana', 'sans-serif'; FONT-SIZE: 12pt; mso-fareast-language: IT\">L\u2019apertura al pubblico \u00e8 prevista per il 14 aprile alle ore 9, mentre l\u2019inaugurazione della Galleria, alla presenza delle autorit\u00e0 locali, \u00e8 fissata per il 13 aprile alle ore 19.<\/SPAN><\/p>\n<p><SPAN style=\"LINE-HEIGHT: 115%; FONT-FAMILY: 'Verdana', 'sans-serif'; FONT-SIZE: 12pt; mso-fareast-language: IT\">La rapida commercializzazione degli spazi presenti all\u2019interno del Parco \u00e8 stata curata dal ramo immobiliare della Masema, una societ\u00e0 di commercializzazione e sviluppo sassarese. Ora <st1:PersonName w:st=\"on\" ProductID=\"la Masema\">la Masema<\/st1:PersonName>, con il ramo Managements, provveder\u00e0 alla gestione degli spazi comuni.<\/SPAN><\/p>\n<p><SPAN style=\"LINE-HEIGHT: 115%; FONT-FAMILY: 'Verdana', 'sans-serif'; FONT-SIZE: 12pt\">Curiosit\u00e0 - <\/SPAN><SPAN style=\"LINE-HEIGHT: 115%; FONT-FAMILY: 'Verdana', 'sans-serif'; FONT-SIZE: 12pt; mso-fareast-language: IT\">Si chiama \u201cTanit\u201d come la dea del Mediterraneo che, arrivata in Sardegna con le navi di Cartagine, rappresentava un simbolo di fertilit\u00e0, abbondanza, amore e fortuna.<\/SPAN><\/p>\n<p><SPAN style=\"LINE-HEIGHT: 115%; FONT-FAMILY: 'Verdana', 'sans-serif'; FONT-SIZE: 12pt\">I numeri della Galleria - <\/SPAN><SPAN style=\"LINE-HEIGHT: 115%; FONT-FAMILY: 'Verdana', 'sans-serif'; FONT-SIZE: 12pt; mso-fareast-language: IT\">L\u2019immobile \u00e8 posizionato al primo piano una struttura con una superficie totale di oltre 30mila metri quadrati e beneficia di uno spazio in grado di ospitare 1.400 parcheggi. <\/SPAN><\/p>\n<p><SPAN style=\"LINE-HEIGHT: 115%; FONT-FAMILY: 'Verdana', 'sans-serif'; FONT-SIZE: 12pt; mso-fareast-language: IT\">Le attivit\u00e0 commerciali all\u2019interno della Galleria hanno dimensioni che variano tra i 30 e i <st1:metricconverter w:st=\"on\" ProductID=\"500 metri quadrati\">500 metri quadrati<\/st1:metricconverter>.<\/SPAN><\/p>\n<p><SPAN style=\"LINE-HEIGHT: 115%; FONT-FAMILY: 'Verdana', 'sans-serif'; FONT-SIZE: 12pt; mso-fareast-language: IT\">L\u2019immobile \u00e8 stato realizzato dalla Sarda Vibrocementi che si \u00e8 avvalsa della collaborazione di oltre 200 aziende di servizio e ha impegnato circa 1.000 unit\u00e0 lavorative. Red<\/SPAN><\/p>\n","protected":false},"excerpt":{"rendered":"<p>Nasce a Sassari la Galleria Tanit, 9.500 metri quadrati composti da un ampia scelta di negozi e servizi capaci di soddisfare qualsiasi richiesta. La struttura&#8230;<\/p>\n","protected":false},"author":2,"featured_media":0,"comment_status":"closed","ping_status":"closed","sticky":false,"template":"","format":"standard","meta":[],"categories":[49],"tags":[],"_links":{"self":[{"href":"https:\/\/www.cronacaonline.it\/index.php\/wp-json\/wp\/v2\/posts\/66463"}],"collection":[{"href":"https:\/\/www.cronacaonline.it\/index.php\/wp-json\/wp\/v2\/posts"}],"about":[{"href":"https:\/\/www.cronacaonline.it\/index.php\/wp-json\/wp\/v2\/types\/post"}],"author":[{"embeddable":true,"href":"https:\/\/www.cronacaonline.it\/index.php\/wp-json\/wp\/v2\/users\/2"}],"replies":[{"embeddable":true,"href":"https:\/\/www.cronacaonline.it\/index.php\/wp-json\/wp\/v2\/comments?post=66463"}],"version-history":[{"count":0,"href":"https:\/\/www.cronacaonline.it\/index.php\/wp-json\/wp\/v2\/posts\/66463\/revisions"}],"wp:attachment":[{"href":"https:\/\/www.cronacaonline.it\/index.php\/wp-json\/wp\/v2\/media?parent=66463"}],"wp:term":[{"taxonomy":"category","embeddable":true,"href":"https:\/\/www.cronacaonline.it\/index.php\/wp-json\/wp\/v2\/categories?post=66463"},{"taxonomy":"post_tag","embeddable":true,"href":"https:\/\/www.cronacaonline.it\/index.php\/wp-json\/wp\/v2\/tags?post=66463"}],"curies":[{"name":"wp","href":"https:\/\/api.w.org\/{rel}","templated":true}]}}