{"id":66433,"date":"2011-04-06T00:00:00","date_gmt":"2011-04-05T22:00:00","guid":{"rendered":"http:\/\/www.cronacaonline.it\/public\/content\/index.php\/2011\/04\/06\/quarta-commissione-approvata-la-proroga-di-sei-mesi-per-il-piano-casa\/"},"modified":"2011-04-06T00:00:00","modified_gmt":"2011-04-05T22:00:00","slug":"quarta-commissione-approvata-la-proroga-di-sei-mesi-per-il-piano-casa","status":"publish","type":"post","link":"https:\/\/www.cronacaonline.it\/index.php\/2011\/04\/06\/quarta-commissione-approvata-la-proroga-di-sei-mesi-per-il-piano-casa\/","title":{"rendered":"Quarta commissione &#8211; Approvata la proroga di sei mesi per il Piano casa."},"content":{"rendered":"<p>La Quarta commissione (Lavori Pubblici), presieduta da Matteo Sanna (Udc-Fli), riunitasi questa mattina ha approvato, col voto favorevole della maggioranza e quello contrario dell\u2019opposizione, la proroga per sei mesi della legge Piano casa, attraverso una proposta di legge sottoscritta dallo stesso presidente della commissione e dai consiglieri Felice Contu (Udc-Fli), Franco Meloni (Riformatori sardi), Eugenio Murgioni, Antonello Peru e Mario Diana del Pdl.<\/p>\n<\/p>\n<p>Matteo Sanna a proposito ha affermato: \"Avevamo di fronte una tanto importante quanto ravvicinata. Entro il primo maggio, cio\u00e8 fra poche settimane, i cittadini devono presentare i documenti relativi alla denuncia di inizio attivit\u00e0 ed alla comunicazione di inizio e fine lavori, come previsto dalla normativa vigente. Abbiamo deciso quindi di rassicurare innanzitutto i cittadini, ma anche amministratori locali, professionisti e imprese sulla volont\u00e0 della regione di mantenere in vigore la legge 4 del 2009 e le agevolazioni in essa contenute senza rinunciare alla possibilit\u00e0 di migliorarla in alcune parti\". <\/p>\n<\/p>\n<p>Il provvedimento, di soli 2 articoli, dovr\u00e0 passare ora all\u2019esame dell\u2019aula. \"Continueremo a lavorare - ha concluso il Presidente della Commissione -col massimo impegno sulla nuova legge, della quale in commissione abbiamo gi\u00e0 completato la discussione generale ma, intanto, ci \u00e8 sembrato giusto dare pi\u00f9 tempo ai sardi per sfruttare questa grande opportunit\u00e0\". Red.<\/p>\n","protected":false},"excerpt":{"rendered":"<p>La Quarta commissione (Lavori Pubblici), presieduta da Matteo Sanna (Udc-Fli), riunitasi questa mattina ha approvato, col voto favorevole della maggioranza e quello contrario dell\u2019opposizione, la&#8230;<\/p>\n","protected":false},"author":2,"featured_media":0,"comment_status":"closed","ping_status":"closed","sticky":false,"template":"","format":"standard","meta":[],"categories":[49],"tags":[],"_links":{"self":[{"href":"https:\/\/www.cronacaonline.it\/index.php\/wp-json\/wp\/v2\/posts\/66433"}],"collection":[{"href":"https:\/\/www.cronacaonline.it\/index.php\/wp-json\/wp\/v2\/posts"}],"about":[{"href":"https:\/\/www.cronacaonline.it\/index.php\/wp-json\/wp\/v2\/types\/post"}],"author":[{"embeddable":true,"href":"https:\/\/www.cronacaonline.it\/index.php\/wp-json\/wp\/v2\/users\/2"}],"replies":[{"embeddable":true,"href":"https:\/\/www.cronacaonline.it\/index.php\/wp-json\/wp\/v2\/comments?post=66433"}],"version-history":[{"count":0,"href":"https:\/\/www.cronacaonline.it\/index.php\/wp-json\/wp\/v2\/posts\/66433\/revisions"}],"wp:attachment":[{"href":"https:\/\/www.cronacaonline.it\/index.php\/wp-json\/wp\/v2\/media?parent=66433"}],"wp:term":[{"taxonomy":"category","embeddable":true,"href":"https:\/\/www.cronacaonline.it\/index.php\/wp-json\/wp\/v2\/categories?post=66433"},{"taxonomy":"post_tag","embeddable":true,"href":"https:\/\/www.cronacaonline.it\/index.php\/wp-json\/wp\/v2\/tags?post=66433"}],"curies":[{"name":"wp","href":"https:\/\/api.w.org\/{rel}","templated":true}]}}