{"id":66426,"date":"2011-04-28T00:00:00","date_gmt":"2011-04-27T22:00:00","guid":{"rendered":"http:\/\/www.cronacaonline.it\/public\/content\/index.php\/2011\/04\/28\/cappellacci-legittima-difesa-dei-sardi-e-dei-turisti-contro-caro-tariffe\/"},"modified":"2011-04-28T00:00:00","modified_gmt":"2011-04-27T22:00:00","slug":"cappellacci-legittima-difesa-dei-sardi-e-dei-turisti-contro-caro-tariffe","status":"publish","type":"post","link":"https:\/\/www.cronacaonline.it\/index.php\/2011\/04\/28\/cappellacci-legittima-difesa-dei-sardi-e-dei-turisti-contro-caro-tariffe\/","title":{"rendered":"Cappellacci, legittima difesa dei sardi e dei turisti contro caro tariffe"},"content":{"rendered":"<p><SPAN style=\"FONT-FAMILY: 'Verdana', 'sans-serif'; mso-bidi-font-family: Arial\">\"Non \u00e9 una battaglia di destra o di sinistra, ma \u00e8 dei Sardi\". Evocando lo \"spirito del Popolo Sardo\" e con un chiaro riferimento a sa Die de sa Sardigna il presidente Cappellacci ha aperto il suo intervento all'assemblea organizzata dalla Provincia di Olbia-Tempio presso il porto Isola Bianca di Olbia per discutere la questione del caro tariffe. \"Ci siamo attivati subito - ha dichiarato Cappellacci- per fronteggiare il caro tariffe dei collegamenti marittimi. Nel mese di gennaio abbiamo inviato la prima segnalazione all'antitrust.<\/SPAN><\/p>\n<p><SPAN style=\"FONT-FAMILY: 'Verdana', 'sans-serif'; mso-bidi-font-family: Arial\">Successivamente abbiamo convocato una riunione di tutti gli armatori. Si sono presentati tutti e abbiamo esaminato tutte le criticit\u00e0 del sistema. Allora abbiamo voluto lanciare un segnale: ciascuno deve fare la sua parte affinch\u00e9 il sistema funzioni e perch\u00e9 questo avvenga la prima condizione \u00e9 quella dell'accessibilit\u00e0 a condizioni che siano competitive col resto del mondo. Abbiamo dovuto prendere atto con amarezza che il messaggio non \u00e9 stato recepito. Cos\u00ec agli inizi di Aprile abbiamo inviato il ricorso all'antitrust, che sta esaminando la rilevanza dei fatti segnalati. <\/SPAN><\/p>\n<p><SPAN style=\"FONT-FAMILY: 'Verdana', 'sans-serif'; mso-bidi-font-family: Arial\">Noi siamo per il libero mercato, ma quello che abbiamo di fronte non \u00e9 tale. Per questi motivi abbiamo deciso di scendere in campo con un'altra iniziativa&nbsp;<SPAN class=apple-converted-space><SPAN style=\"COLOR: black\">&nbsp;<\/SPAN><\/SPAN>che non \u00e9 un atto di guerra, ma una legittima difesa dei diritti dei cittadini e dell'intero sistema, non solo del comparto turistico. La Sardegna ha necessit\u00e0 dei collegamenti per avere accesso a mercati diversi che non siano solo quello intorno. Interveniamo attraverso la Saremar. Abbiamo pubblicato sui principali quotidiani (anche a livello internazionale, come il Financial Times) l'avviso pubblico. Entro 12 giorni contiamo di avere le risposte. Questo \u00e9 un esperimento finalizzato a fronteggiare la situazione verificatasi.<u1:p><\/u1:p><\/SPAN><\/p>\n<p><SPAN style=\"FONT-FAMILY: 'Verdana', 'sans-serif'; mso-bidi-font-family: Arial\">Ad esso abbiamo abbinato un altro strumento: un bonus che offre la possibilit\u00e0 di avere massimo 90 euro riferito a un nucleo di massimo tre persone per tutti coloro che verranno in Sardegna, che esibiranno le ricevute delle strutture ricettive. (sono escluse ovviamente le strutture abusive). Da<SPAN class=apple-converted-space><SPAN style=\"COLOR: black\">&nbsp;<\/SPAN><\/SPAN><A href=\"javascript:mails_addtocal(2,%22domani%22);\"><SPAN style=\"COLOR: #ff8000\">domani<\/SPAN><\/A>, nelle more della situazione del problema Tirrenia, ci sar\u00e0 la Saremar a svolgere un ruolo di calmiere. La speranza \u00e9 quella di mettere a regime in modo strutturato questa iniziativa e di realizzare quell'idea, inseguita da cinquant'anni, di collegamenti in cui il personale sia sardo, si vedano i nostri simboli, si consumino i prodotti agroalimentari della nostra terra e i viaggiatori inizino a sentirsi in Sardegna fin dal momento dell'imbarco.<SPAN class=apple-converted-space><SPAN style=\"COLOR: black\">&nbsp;<\/SPAN><\/SPAN><\/SPAN><SPAN style=\"FONT-FAMILY: 'Verdana', 'sans-serif'\"><\/SPAN><\/p>\n","protected":false},"excerpt":{"rendered":"<p>&#8220;Non \u00e9 una battaglia di destra o di sinistra, ma \u00e8 dei Sardi&#8221;. Evocando lo &#8220;spirito del Popolo Sardo&#8221; e con un chiaro riferimento a&#8230;<\/p>\n","protected":false},"author":2,"featured_media":8952,"comment_status":"closed","ping_status":"closed","sticky":false,"template":"","format":"standard","meta":[],"categories":[49],"tags":[],"_links":{"self":[{"href":"https:\/\/www.cronacaonline.it\/index.php\/wp-json\/wp\/v2\/posts\/66426"}],"collection":[{"href":"https:\/\/www.cronacaonline.it\/index.php\/wp-json\/wp\/v2\/posts"}],"about":[{"href":"https:\/\/www.cronacaonline.it\/index.php\/wp-json\/wp\/v2\/types\/post"}],"author":[{"embeddable":true,"href":"https:\/\/www.cronacaonline.it\/index.php\/wp-json\/wp\/v2\/users\/2"}],"replies":[{"embeddable":true,"href":"https:\/\/www.cronacaonline.it\/index.php\/wp-json\/wp\/v2\/comments?post=66426"}],"version-history":[{"count":0,"href":"https:\/\/www.cronacaonline.it\/index.php\/wp-json\/wp\/v2\/posts\/66426\/revisions"}],"wp:featuredmedia":[{"embeddable":true,"href":"https:\/\/www.cronacaonline.it\/index.php\/wp-json\/"}],"wp:attachment":[{"href":"https:\/\/www.cronacaonline.it\/index.php\/wp-json\/wp\/v2\/media?parent=66426"}],"wp:term":[{"taxonomy":"category","embeddable":true,"href":"https:\/\/www.cronacaonline.it\/index.php\/wp-json\/wp\/v2\/categories?post=66426"},{"taxonomy":"post_tag","embeddable":true,"href":"https:\/\/www.cronacaonline.it\/index.php\/wp-json\/wp\/v2\/tags?post=66426"}],"curies":[{"name":"wp","href":"https:\/\/api.w.org\/{rel}","templated":true}]}}