{"id":66399,"date":"2011-04-12T00:00:00","date_gmt":"2011-04-11T22:00:00","guid":{"rendered":"http:\/\/www.cronacaonline.it\/public\/content\/index.php\/2011\/04\/12\/nomine-in-consiglio-regionale-mariangela-sedda-nuovo-segretario-generale\/"},"modified":"2011-04-12T00:00:00","modified_gmt":"2011-04-11T22:00:00","slug":"nomine-in-consiglio-regionale-mariangela-sedda-nuovo-segretario-generale","status":"publish","type":"post","link":"https:\/\/www.cronacaonline.it\/index.php\/2011\/04\/12\/nomine-in-consiglio-regionale-mariangela-sedda-nuovo-segretario-generale\/","title":{"rendered":"Nomine in Consiglio regionale: Mariangela Sedda nuovo segretario generale."},"content":{"rendered":"<p><SPAN style=\"FONT-FAMILY: 'Verdana', 'sans-serif'\">Mariangela Sedda \u00e8 il nuovo segretario generale del Consiglio regionale.<u1:p><\/u1:p> Lo ha deciso all<\/SPAN><SPAN style=\"FONT-FAMILY: 'Verdana', 'sans-serif'; mso-bidi-font-family: Verdana\">\u2019<\/SPAN><SPAN style=\"FONT-FAMILY: 'Verdana', 'sans-serif'\">unanimit\u00e0<\/SPAN><SPAN class=apple-converted-space><I><SPAN style=\"FONT-FAMILY: 'Verdana', 'sans-serif'; COLOR: black; FONT-SIZE: 18pt\">&nbsp;<\/SPAN><\/I><\/SPAN><SPAN style=\"FONT-FAMILY: 'Verdana', 'sans-serif'\">&nbsp;l\u2019Ufficio di Presidenza su proposta della<\/SPAN><SPAN class=apple-converted-space><I><SPAN style=\"FONT-FAMILY: 'Verdana', 'sans-serif'; COLOR: black; FONT-SIZE: 18pt\">&nbsp;<\/SPAN><\/I><\/SPAN><SPAN style=\"FONT-FAMILY: 'Verdana', 'sans-serif'\">&nbsp;presidente Claudia Lombardo.<\/SPAN><\/p>\n<p><SPAN style=\"FONT-FAMILY: 'Verdana', 'sans-serif'\">La dottoressa Mariangela Sedda, prima donna a ricoprire l\u2019incarico di segretario generale nella storia Autonomistica della Sardegna, \u00e8 laureata in Scienze politiche ed \u00e8 in servizio dal 1979. \u00c8 stata<u1:p><\/u1:p> per pi\u00f9 di 12 anni, Capo della Segreteria di tre Presidenti del Consiglio. Il 6 agosto 2008 \u00e8 stata nominata Vice segretario generale e dal 1 febbraio 2009 ha svolto le funzioni di Segretario generale.<\/SPAN><\/p>\n<p><SPAN style=\"FONT-FAMILY: 'Verdana', 'sans-serif'\">Nominati anche il dott. Marcello Tack, vicesegretario generale del Consiglio e i capi dei dodici&nbsp;servizi.<\/SPAN><\/p>\n<p><SPAN style=\"FONT-FAMILY: 'Verdana', 'sans-serif'\">Sono stati nominati: la dottoressa Maria Santucciu a capo del Servizio Amministrazione; la dottoressa Marcella Massa a capo del servizio segreteria;<\/SPAN><SPAN class=apple-converted-space><I><SPAN style=\"FONT-FAMILY: 'Verdana', 'sans-serif'; COLOR: black; FONT-SIZE: 18pt\">&nbsp;<\/SPAN><\/I><\/SPAN><SPAN style=\"FONT-FAMILY: 'Verdana', 'sans-serif'\">&nbsp;il dottor Gianfranco Cocco a capo del Servizio Assemblea; la dottoressa Maria Rita Gatto a capo del Servizio Biblioteca; la dottoressa Giulia Maria Pautasso a capo del Servizio commissioni; il dottor Renato Costa a capo del Servizio del Difensore Civico; il dottor Massimo Falchi Delitala a capo del servizio Legale; il dottor Antonio Dess\u00ec a capo del Servizio del personale, il dottor Alessio Paolo Loi a capo del Servizio Prerogative dei Consiglieri; la dottoressa Gabriella Ballero a capo del Servizio Ragioneria; il dottor Pietro Collari a capo del Servizio Resoconti; il dottor Alfonso Di Giovanni&nbsp;a capo del Servizio Studi.<\/SPAN><\/p>\n<p><SPAN style=\"FONT-FAMILY: 'Verdana', 'sans-serif'\">La nomina dei capi servizio pone fine ad una situazione di precariet\u00e0 nella titolarit\u00e0 dei servizi amministrativi del Consiglio in quanto dal 1985 non si era pi\u00f9 proceduto a nessuna valida nomina a capo servizio e le relative posizioni sono state assunte in via di fatto dai dirigenti pi\u00f9 anziani.&nbsp;La nomina dei vertici dell<\/SPAN><SPAN style=\"FONT-FAMILY: 'Verdana', 'sans-serif'; mso-bidi-font-family: Verdana\">\u2019<\/SPAN><SPAN style=\"FONT-FAMILY: 'Verdana', 'sans-serif'\">amministrazione consiliare \u00e8 il primo passo di un percorso intrapreso dall\u2019Ufficio di presidenza<\/SPAN><SPAN class=apple-converted-space><I><SPAN style=\"FONT-FAMILY: 'Verdana', 'sans-serif'; COLOR: black; FONT-SIZE: 18pt\">&nbsp;<\/SPAN><\/I><\/SPAN><SPAN style=\"FONT-FAMILY: 'Verdana', 'sans-serif'\">&nbsp;finalizzato a porre le basi per un ampliamento e un miglioramento dei servizi&nbsp;<\/SPAN><SPAN class=apple-converted-space><I><SPAN style=\"FONT-FAMILY: 'Verdana', 'sans-serif'; COLOR: black; FONT-SIZE: 18pt\">&nbsp;<\/SPAN><\/I><\/SPAN><SPAN style=\"FONT-FAMILY: 'Verdana', 'sans-serif'\">offerti al Consiglio e ai suoi organi. Red<\/SPAN><\/p>\n<p><I><SPAN style=\"COLOR: black; FONT-SIZE: 18pt\">&nbsp;<\/SPAN><\/I><\/p>\n","protected":false},"excerpt":{"rendered":"<p>Mariangela Sedda \u00e8 il nuovo segretario generale del Consiglio regionale. Lo ha deciso all\u2019unanimit\u00e0&nbsp;&nbsp;l\u2019Ufficio di Presidenza su proposta della&nbsp;&nbsp;presidente Claudia Lombardo. La dottoressa Mariangela Sedda,&#8230;<\/p>\n","protected":false},"author":2,"featured_media":0,"comment_status":"closed","ping_status":"closed","sticky":false,"template":"","format":"standard","meta":[],"categories":[49],"tags":[],"_links":{"self":[{"href":"https:\/\/www.cronacaonline.it\/index.php\/wp-json\/wp\/v2\/posts\/66399"}],"collection":[{"href":"https:\/\/www.cronacaonline.it\/index.php\/wp-json\/wp\/v2\/posts"}],"about":[{"href":"https:\/\/www.cronacaonline.it\/index.php\/wp-json\/wp\/v2\/types\/post"}],"author":[{"embeddable":true,"href":"https:\/\/www.cronacaonline.it\/index.php\/wp-json\/wp\/v2\/users\/2"}],"replies":[{"embeddable":true,"href":"https:\/\/www.cronacaonline.it\/index.php\/wp-json\/wp\/v2\/comments?post=66399"}],"version-history":[{"count":0,"href":"https:\/\/www.cronacaonline.it\/index.php\/wp-json\/wp\/v2\/posts\/66399\/revisions"}],"wp:attachment":[{"href":"https:\/\/www.cronacaonline.it\/index.php\/wp-json\/wp\/v2\/media?parent=66399"}],"wp:term":[{"taxonomy":"category","embeddable":true,"href":"https:\/\/www.cronacaonline.it\/index.php\/wp-json\/wp\/v2\/categories?post=66399"},{"taxonomy":"post_tag","embeddable":true,"href":"https:\/\/www.cronacaonline.it\/index.php\/wp-json\/wp\/v2\/tags?post=66399"}],"curies":[{"name":"wp","href":"https:\/\/api.w.org\/{rel}","templated":true}]}}