{"id":66385,"date":"2011-04-28T00:00:00","date_gmt":"2011-04-27T22:00:00","guid":{"rendered":"http:\/\/www.cronacaonline.it\/public\/content\/index.php\/2011\/04\/28\/venerdi-a-cagliari-la-premiata-forneria-marconi-in-concerto-al-teatro-lirico-ore-21\/"},"modified":"2011-04-28T00:00:00","modified_gmt":"2011-04-27T22:00:00","slug":"venerdi-a-cagliari-la-premiata-forneria-marconi-in-concerto-al-teatro-lirico-ore-21","status":"publish","type":"post","link":"https:\/\/www.cronacaonline.it\/index.php\/2011\/04\/28\/venerdi-a-cagliari-la-premiata-forneria-marconi-in-concerto-al-teatro-lirico-ore-21\/","title":{"rendered":"Venerd\u00ec a Cagliari la Premiata Forneria Marconi in concerto al Teatro Lirico (ore 21)"},"content":{"rendered":"<p><SPAN style=\"LINE-HEIGHT: 115%; FONT-FAMILY: 'Verdana', 'sans-serif'; FONT-SIZE: 12pt; mso-fareast-language: IT\">Un gruppo che ha fatto la storia del rock in Italia sul palcoscenico pi\u00f9 prestigioso per la musica a&nbsp;Cagliari:&nbsp;venerd\u00ec&nbsp;(29 aprile), al&nbsp;Teatro Lirico, riflettori puntati sulla&nbsp;PFM, da quarant'anni inconfondibile acronimo della&nbsp;<a href=\"http:\/\/www.pfmpfm.it\/official_newsite.html\" target=\"_blank\" rel=\"noopener noreferrer\"><SPAN style=\"COLOR: blue; TEXT-DECORATION: none; text-underline: none\">Premiata Forneria Marconi<\/SPAN><\/A>.<\/SPAN><\/p>\n<p><SPAN style=\"LINE-HEIGHT: 115%; FONT-FAMILY: 'Verdana', 'sans-serif'; FONT-SIZE: 12pt; mso-fareast-language: IT\">Guidata dai \u201cveterani\u201d&nbsp;Franz Di Cioccio&nbsp;(voce, batteria e percussioni),&nbsp;Franco Mussida&nbsp;(voce e chitarre) e&nbsp;Patrick Djivas&nbsp;(basso), affiancati da Lucio Fabbri (violino, chitarra, tastiere e cori), Gianluca Tagliavini (tastiere e cori) e Piero Monterisi (seconda batteria), la rock-band nostrana pi\u00f9 famosa al mondo sar\u00e0 al centro dei riflettori a partire dalle&nbsp;ore 21&nbsp;per un&nbsp;concerto in due parti. Si comincia all'insegna de&nbsp;\u201cLa Buona Novella\u201d, il leggendario album di Fabrizio De Andr\u00e9 che segn\u00f2, nel 1970, il primo incontro della PFM, quando ancora si chiamava I Quelli, con il grande cantautore genovese. L'anno scorso, quaranta dopo la pubblicazione di quella prima versione, Di Cioccio, Mussida e Djivas hanno voluto rileggere il disco con nuovi arrangiamenti e pagine inedite scritte ad hoc per celebrare l'anniversario, seguendo il percorso gi\u00e0 tracciato dagli arrangiamenti del \u201979: il risultato \u00e8&nbsp;\u201cA.D. 2010 - La Buona Novella\u201d, l'album uscito giusto dodici mesi fa che detter\u00e0 le coordinate per la prima parte del concerto.&nbsp;<\/SPAN><\/p>\n<p><SPAN style=\"LINE-HEIGHT: 115%; FONT-FAMILY: 'Verdana', 'sans-serif'; FONT-SIZE: 12pt; mso-fareast-language: IT\">La seconda prevede invece una carrellata dei pi\u00f9&nbsp;grandi successi&nbsp;della PFM: e sar\u00e0 il modo migliore per ripercorrere il cammino di una delle formazioni pi\u00f9 longeve e feconde del rock \"Made in Italy\", tra le prime in grado di far apprezzare la musica italiana in campo internazionale al di l\u00e0 della sua tradizione melodica, l'unica ad aver scalato la classifica Billboard negli Stati Uniti. Un successo che dura dal 1970 e conta pi\u00f9 di 4.200 concerti in giro per il mondo, dal Giappone agli Stati Uniti, dalla Corea al Regno Unito, dal Canada al Messico.<\/SPAN><\/p>\n<p><SPAN style=\"LINE-HEIGHT: 115%; FONT-FAMILY: 'Verdana', 'sans-serif'; FONT-SIZE: 12pt; mso-fareast-language: IT\">La PFM arriva a Cagliari reduce dallo straordinario successo delle passate tourn\u00e9e e dalla recente pubblicazione di&nbsp;\u201c<a href=\"http:\/\/www.edel.it\/artisti\/pfm\/amico-faber\/\" target=\"_blank\" rel=\"noopener noreferrer\"><SPAN style=\"COLOR: blue\">Amico Faber<\/SPAN><\/A>\u201d(Aereostella\/Edel), un cofanetto&nbsp;deluxe&nbsp;concepito per celebrare il compleanno di Fabrizio De Andr\u00e9, che lo scorso 18 febbraio avrebbe spento settantuno candeline. Il box ripropone il&nbsp;live&nbsp;\u201cPFM canta De Andr\u00e9\u201d (CD+DVD)&nbsp;e, appunto, l'album \u201cA.D. 2010 - La buona novella\u201d, insieme a un libretto di sedici pagine con foto inedite di De Andr\u00e9 e PFM scattate da&nbsp;Guido Harari, il fotografo che ha seguito la celebre tourne\u00e9 del 1979, e tre stampe fotografiche da collezione del grande cantautore genovese.&nbsp;<\/SPAN><\/p>\n<p><SPAN style=\"LINE-HEIGHT: 115%; FONT-FAMILY: 'Verdana', 'sans-serif'; FONT-SIZE: 12pt; mso-fareast-language: IT\">I biglietti per il concerto - presentato dall'associazione culturale&nbsp;<a href=\"http:\/\/www.shannaraspettacolo.it\/\" target=\"_blank\" rel=\"noopener noreferrer\"><SPAN style=\"COLOR: blue; TEXT-DECORATION: none; text-underline: none\">Shannara<\/SPAN><\/A>&nbsp;in coproduzione con il&nbsp;<a href=\"http:\/\/www.teatroliricodicagliari.it\/\" target=\"_blank\" rel=\"noopener noreferrer\"><SPAN style=\"COLOR: blue; TEXT-DECORATION: none; text-underline: none\">Teatro Lirico di Cagliari<\/SPAN><\/A>&nbsp;- si possono acquistare al&nbsp;Box Office&nbsp;(tel. 070657428), da&nbsp;Sarconline&nbsp;(tel. 070684275) e sul circuito&nbsp;Greenticket.&nbsp;Venerd\u00ec&nbsp;sera botteghino aperto al Teatro Lirico a partire dalle ore 19.&nbsp;I prezzi vanno dai 35 euro in platea ai 30 in prima loggia, ai 23 in seconda loggia. Previsti sconti per gli over 65.&nbsp;<\/SPAN><\/p>\n<p><SPAN style=\"LINE-HEIGHT: 115%; FONT-FAMILY: 'Verdana', 'sans-serif'; FONT-SIZE: 12pt; mso-fareast-language: IT\">Per informazioni: Associazione culturale Shannara, tel.&nbsp;070 45 13 957, e-mail:&nbsp;<a href=\"\" target=\"_self\" rel=\"noopener noreferrer\"><SPAN style=\"COLOR: blue\">info@shannaraspettacolo.it<\/SPAN><\/A>.<\/SPAN><\/p>\n<p><SPAN style=\"LINE-HEIGHT: 115%; FONT-FAMILY: 'Verdana', 'sans-serif'; FONT-SIZE: 12pt; mso-fareast-language: IT\"><BR>Un gruppo che ha fatto la storia del rock in Italia sul palcoscenico pi\u00f9 prestigioso per la musica a&nbsp;Cagliari: il&nbsp;29 aprile, al&nbsp;Teatro Lirico, riflettori puntati sulla&nbsp;PFM, da quarant'anni inconfondibile acronimo della&nbsp;<a href=\"http:\/\/www.pfmpfm.it\/official_newsite.html\" target=\"_blank\" rel=\"noopener noreferrer\"><SPAN style=\"COLOR: blue; TEXT-DECORATION: none; text-underline: none\">Premiata Forneria Marconi<\/SPAN><\/A>.<\/SPAN><\/p>\n<p><SPAN style=\"LINE-HEIGHT: 115%; FONT-FAMILY: 'Verdana', 'sans-serif'; FONT-SIZE: 12pt; mso-fareast-language: IT\">La band approda nel capoluogo sardo guidata dal suo nucleo storico -&nbsp;Franz Di Cioccio&nbsp;(batteria e voce),&nbsp;Franco Mussida&nbsp;(chitarra, voce) ePatrick Djivas&nbsp;(basso) - per un tappa del tour teatrale dedicato a \u201cLa Buona Novella\u201d, il leggendario album di Fabrizio De Andr\u00e9 che segn\u00f2, nel 1970, il primo incontro della PFM, quando ancora si chiamava I Quelli, con il grande cantautore genovese. Quarant\u2019anni dopo la pubblicazione di quella prima versione, Di Cioccio, Mussida, Djivas e soci hanno voluto rileggere il disco con nuovi arrangiamenti e pagine inedite scritte ad hoc per celebrare l'anniversario: il risultato \u00e8 nelle tracce di&nbsp;\u201cA.D. 2010 - La Buona Novella\u201d, l'album uscito lo scorso aprile che offrir\u00e0 lo spunto per la prima parte del concerto. La seconda si annuncia invece all'insegna dei pi\u00f9&nbsp;grandi successi&nbsp;della PFM: e sar\u00e0 il modo migliore per ripercorrere il&nbsp;<a href=\"http:\/\/www.pfmpfm.it\/storia_fset_60.htm\" target=\"_blank\" rel=\"noopener noreferrer\"><SPAN style=\"COLOR: blue\">cammino<\/SPAN><\/A>&nbsp;di una delle formazioni pi\u00f9 longeve e feconde del rock \"Made in Italy\", tra le prime in grado di far apprezzare la musica italiana in campo internazionale al di l\u00e0 della sua tradizione melodica.<\/SPAN><\/p>\n<p><SPAN style=\"LINE-HEIGHT: 115%; FONT-FAMILY: 'Verdana', 'sans-serif'; FONT-SIZE: 12pt; mso-fareast-language: IT\">I biglietti per il concerto - presentato dall'associazione culturale&nbsp;<a href=\"http:\/\/www.shannaraspettacolo.it\/\" target=\"_blank\" rel=\"noopener noreferrer\"><SPAN style=\"COLOR: blue; TEXT-DECORATION: none; text-underline: none\">Shannara<\/SPAN><\/A>&nbsp;in collaborazione con il&nbsp;Teatro Lirico di Cagliari&nbsp;- si possono acquistare in prevendita al&nbsp;Box Office&nbsp;(tel. 070657428), da&nbsp;Sarconline&nbsp;(tel. 070684275) e sul circuito&nbsp;Greenticket. I prezzi vanno dai&nbsp;33 euro&nbsp;in prima loggia ai&nbsp;40 in platea, inclusi i diritti di prevendita.<\/SPAN><SPAN style=\"LINE-HEIGHT: 115%; FONT-SIZE: 12pt; mso-fareast-language: IT\"><FONT face=Calibri>&nbsp;Com<\/FONT><\/SPAN><\/p>\n","protected":false},"excerpt":{"rendered":"<p>Un gruppo che ha fatto la storia del rock in Italia sul palcoscenico pi\u00f9 prestigioso per la musica a&nbsp;Cagliari:&nbsp;venerd\u00ec&nbsp;(29 aprile), al&nbsp;Teatro Lirico, riflettori puntati sulla&nbsp;PFM,&#8230;<\/p>\n","protected":false},"author":2,"featured_media":9007,"comment_status":"closed","ping_status":"closed","sticky":false,"template":"","format":"standard","meta":[],"categories":[49],"tags":[],"_links":{"self":[{"href":"https:\/\/www.cronacaonline.it\/index.php\/wp-json\/wp\/v2\/posts\/66385"}],"collection":[{"href":"https:\/\/www.cronacaonline.it\/index.php\/wp-json\/wp\/v2\/posts"}],"about":[{"href":"https:\/\/www.cronacaonline.it\/index.php\/wp-json\/wp\/v2\/types\/post"}],"author":[{"embeddable":true,"href":"https:\/\/www.cronacaonline.it\/index.php\/wp-json\/wp\/v2\/users\/2"}],"replies":[{"embeddable":true,"href":"https:\/\/www.cronacaonline.it\/index.php\/wp-json\/wp\/v2\/comments?post=66385"}],"version-history":[{"count":0,"href":"https:\/\/www.cronacaonline.it\/index.php\/wp-json\/wp\/v2\/posts\/66385\/revisions"}],"wp:featuredmedia":[{"embeddable":true,"href":"https:\/\/www.cronacaonline.it\/index.php\/wp-json\/"}],"wp:attachment":[{"href":"https:\/\/www.cronacaonline.it\/index.php\/wp-json\/wp\/v2\/media?parent=66385"}],"wp:term":[{"taxonomy":"category","embeddable":true,"href":"https:\/\/www.cronacaonline.it\/index.php\/wp-json\/wp\/v2\/categories?post=66385"},{"taxonomy":"post_tag","embeddable":true,"href":"https:\/\/www.cronacaonline.it\/index.php\/wp-json\/wp\/v2\/tags?post=66385"}],"curies":[{"name":"wp","href":"https:\/\/api.w.org\/{rel}","templated":true}]}}