{"id":66329,"date":"2011-04-21T00:00:00","date_gmt":"2011-04-20T22:00:00","guid":{"rendered":"http:\/\/www.cronacaonline.it\/public\/content\/index.php\/2011\/04\/21\/pioggia-in-arrivo-per-i-giorni-di-pasqua\/"},"modified":"2011-04-21T00:00:00","modified_gmt":"2011-04-20T22:00:00","slug":"pioggia-in-arrivo-per-i-giorni-di-pasqua","status":"publish","type":"post","link":"https:\/\/www.cronacaonline.it\/index.php\/2011\/04\/21\/pioggia-in-arrivo-per-i-giorni-di-pasqua\/","title":{"rendered":"Pioggia in arrivo per i giorni di Pasqua"},"content":{"rendered":"<p><SPAN style=\"WIDOWS: 2; TEXT-TRANSFORM: none; TEXT-INDENT: 0px; BORDER-COLLAPSE: separate; FONT: 16px 'Times New Roman'; WHITE-SPACE: normal; ORPHANS: 2; LETTER-SPACING: normal; COLOR: rgb(0,0,0); WORD-SPACING: 0px; -webkit-border-horizontal-spacing: 0px; -webkit-border-vertical-spacing: 0px; -webkit-text-decorations-in-effect: none; -webkit-text-size-adjust: auto; -webkit-text-stroke-width: 0px\" class=Apple-style-span><SPAN style=\"LINE-HEIGHT: 21px; FONT-FAMILY: Georgia, Palatino, serif; COLOR: rgb(70,70,70); FONT-SIZE: 14px\" class=Apple-style-span>Pasqua bagnata in gran parte d'Italia. Domenica prossima sono infatti previste nuvole e qualche pioggia, luned\u00ec invece tempo in miglioramento. Parola del meteorologo Mario Giuliacci che fornisce le previsioni per il ponte del 25 aprile. L'alta pressione, e dunque il bel tempo, che ha insistito per pi\u00f9 giorni sull'Europa centrale e sull'Italia, si sta allontanando verso i Balcani e il Sudest europeo e favorir\u00e0 l'avanzata verso la Spagna e il vicino Mediterraneo occidentale di un vortice di bassa pressione, ora ubicato sull'Atlantico, appena ad ovest del Portogallo.<\/SPAN><\/SPAN><\/p>\n<p><SPAN style=\"WIDOWS: 2; TEXT-TRANSFORM: none; TEXT-INDENT: 0px; BORDER-COLLAPSE: separate; FONT: 16px 'Times New Roman'; WHITE-SPACE: normal; ORPHANS: 2; LETTER-SPACING: normal; COLOR: rgb(0,0,0); WORD-SPACING: 0px; -webkit-border-horizontal-spacing: 0px; -webkit-border-vertical-spacing: 0px; -webkit-text-decorations-in-effect: none; -webkit-text-size-adjust: auto; -webkit-text-stroke-width: 0px\" class=Apple-style-span><SPAN style=\"LINE-HEIGHT: 21px; FONT-FAMILY: Georgia, Palatino, serif; COLOR: rgb(70,70,70); FONT-SIZE: 14px\" class=Apple-style-span><\/SPAN><\/SPAN><SPAN style=\"WIDOWS: 2; TEXT-TRANSFORM: none; TEXT-INDENT: 0px; BORDER-COLLAPSE: separate; FONT: 16px 'Times New Roman'; WHITE-SPACE: normal; ORPHANS: 2; LETTER-SPACING: normal; COLOR: rgb(0,0,0); WORD-SPACING: 0px; -webkit-border-horizontal-spacing: 0px; -webkit-border-vertical-spacing: 0px; -webkit-text-decorations-in-effect: none; -webkit-text-size-adjust: auto; -webkit-text-stroke-width: 0px\" class=Apple-style-span><SPAN style=\"LINE-HEIGHT: 21px; FONT-FAMILY: Georgia, Palatino, serif; COLOR: rgb(70,70,70); FONT-SIZE: 14px\" class=Apple-style-span>Secondo Giuliacci, dunque, gli umidi venti meridionali sospinti da tale vortice sulla penisola porteranno gi\u00e0 venerd\u00ec molte nubi sulle Isole maggiori e poi, tra sabato e domenica di Pasqua, nubi su molte regioni d'Italia per\u00f2 con poche piogge, limitate per lo pi\u00f9 alla Sardegna, alle aree alpine e appenniniche. In particolare, sulle isole maggiori la protezione civile prevede venti forti di scirocco, tanto da aver emesso un allerta meteo per forti venti sud-orientali con raffiche di burrasca forte e mareggiate su Sardegna e Sicilia. Sulle isole sono anche previste fino a sabato piogge e temporali localmente anche molto intensi. Luned\u00ec di Pasqua, invece, il tempo previsto - secondo Giuliacci - \u00e8 in deciso miglioramento su tutta la penisola, tranne le Alpi e la Sardegna. In compenso le temperature rimarranno su valori gradevoli per tutto il periodo<\/SPAN><\/SPAN><\/p>\n<p><SPAN style=\"WIDOWS: 2; TEXT-TRANSFORM: none; TEXT-INDENT: 0px; BORDER-COLLAPSE: separate; FONT: 16px 'Times New Roman'; WHITE-SPACE: normal; ORPHANS: 2; LETTER-SPACING: normal; COLOR: rgb(0,0,0); WORD-SPACING: 0px; -webkit-border-horizontal-spacing: 0px; -webkit-border-vertical-spacing: 0px; -webkit-text-decorations-in-effect: none; -webkit-text-size-adjust: auto; -webkit-text-stroke-width: 0px\" class=Apple-style-span><SPAN style=\"LINE-HEIGHT: 21px; FONT-FAMILY: Georgia, Palatino, serif; COLOR: rgb(70,70,70); FONT-SIZE: 14px\" class=Apple-style-span>Ma ecco in dettaglio il tempo giorno per giorno: gioved\u00ec 21, sereno ovunque tranne le Isole maggiori; qualche pioggia nel sudovest della Sardegna. Venerd\u00ec 22, nuvole su Piemonte, Ovest Lombardia, Trentino, Ponente ligure, Toscana, Umbria, Lazio, Molise, Sardegna e al Sud (tranne la Sicilia). Qualche pioggia sulla Sardegna. Sabato 23, nuvole su tutta l'Italia, tranne il Triveneto, , Abruzzo, Molise, Puglia. Piogge su Alpi centro-occidentali, Sicilia, temporali in Sardegna; qualche rovescio pomeridiano su Appennino centro-settentrionale. Domenica 24, nubi al Nord, Medio Adriatico, Lazio, Campania, Calabria, Salento e Sardegna; qualche pioggia su Alpi, Prealpi, Lombardia, Trevigiano, Friuli, Appennino centro-settentrionale. Luned\u00ec 25, un po' di nubi su Alpi, Venezie, Umbria, Lazio, Sardegna; qualche piovasco su Alpi e zone pedemontane alpine, Appennini centro-settentrionali.<\/p>\n<p>Quanto al traffico, secondo Autostrade per l'Italia, gi\u00e0 da domani si cominceranno a registrare le prime partenze anche se i picchi sono previsti nella giornata di venerd\u00ec. Proprio per agevolare il flusso di veicoli, la circolazione ai mezzi pesanti sar\u00e0 interdetta venerd\u00ec dalle 16 alle 22, sabato dalle 8 alle 16, i giorni di Pasqua e Pasquetta dalle 8 alle 22. Anche la polizia stradale attiver\u00e0 una serie di dispositivi di prevenzione e contrasto dei comportamenti di guida pi\u00f9 pericolosi e per l'assistenza alle persone in viaggio, tra i quali l'incremento delle pattuglie, l'intensificazione dei controlli con etilometri e precursori, l'utilizzo di tutte le tecnologie disponibili per rilevare le infrazioni (saranno in funzione 286 postazioni \u00abTutor\u00bb e 70 misuratori di velocit\u00e0 in postazione fissa e mobile, oltre a 90 auto dotate di sistemi per la trasmissione di immagini e per il controllo della velocit\u00e0), la presenza di pattuglie nelle aree di servizio. Complessivamente, nel fine settimana di Pasqua e in quello del primo maggio, saranno schierate 1.500 pattuglie che avranno a disposizione 700 etilometri.<\/p>\n","protected":false},"excerpt":{"rendered":"<p>Pasqua bagnata in gran parte d&#8217;Italia. Domenica prossima sono infatti previste nuvole e qualche pioggia, luned\u00ec invece tempo in miglioramento. Parola del meteorologo Mario Giuliacci&#8230;<\/p>\n","protected":false},"author":2,"featured_media":0,"comment_status":"closed","ping_status":"closed","sticky":false,"template":"","format":"standard","meta":[],"categories":[49],"tags":[],"_links":{"self":[{"href":"https:\/\/www.cronacaonline.it\/index.php\/wp-json\/wp\/v2\/posts\/66329"}],"collection":[{"href":"https:\/\/www.cronacaonline.it\/index.php\/wp-json\/wp\/v2\/posts"}],"about":[{"href":"https:\/\/www.cronacaonline.it\/index.php\/wp-json\/wp\/v2\/types\/post"}],"author":[{"embeddable":true,"href":"https:\/\/www.cronacaonline.it\/index.php\/wp-json\/wp\/v2\/users\/2"}],"replies":[{"embeddable":true,"href":"https:\/\/www.cronacaonline.it\/index.php\/wp-json\/wp\/v2\/comments?post=66329"}],"version-history":[{"count":0,"href":"https:\/\/www.cronacaonline.it\/index.php\/wp-json\/wp\/v2\/posts\/66329\/revisions"}],"wp:attachment":[{"href":"https:\/\/www.cronacaonline.it\/index.php\/wp-json\/wp\/v2\/media?parent=66329"}],"wp:term":[{"taxonomy":"category","embeddable":true,"href":"https:\/\/www.cronacaonline.it\/index.php\/wp-json\/wp\/v2\/categories?post=66329"},{"taxonomy":"post_tag","embeddable":true,"href":"https:\/\/www.cronacaonline.it\/index.php\/wp-json\/wp\/v2\/tags?post=66329"}],"curies":[{"name":"wp","href":"https:\/\/api.w.org\/{rel}","templated":true}]}}