{"id":66320,"date":"2011-04-29T00:00:00","date_gmt":"2011-04-28T22:00:00","guid":{"rendered":"http:\/\/www.cronacaonline.it\/public\/content\/index.php\/2011\/04\/29\/sassari-olbia-diana-pdl-il-centrodestra-agisce-e-da-concretezza-agli-impegni-assunti-con-i-sardi\/"},"modified":"2011-04-29T00:00:00","modified_gmt":"2011-04-28T22:00:00","slug":"sassari-olbia-diana-pdl-il-centrodestra-agisce-e-da-concretezza-agli-impegni-assunti-con-i-sardi","status":"publish","type":"post","link":"https:\/\/www.cronacaonline.it\/index.php\/2011\/04\/29\/sassari-olbia-diana-pdl-il-centrodestra-agisce-e-da-concretezza-agli-impegni-assunti-con-i-sardi\/","title":{"rendered":"Sassari-Olbia &#8211; Diana (Pdl): &#8220;Il centrodestra agisce e d\u00e0 concretezza agli impegni assunti con i sardi&#8221;."},"content":{"rendered":"<p>Il capogruppo del Popolo della Libert\u00e0 in Consiglio regionale, Mario Diana, ha cos\u00ec commentato l'avvio dei lavori della Sassari Olbia, annunciato dal presidente Cappellacci: <SPAN lang=\"\">\"<\/SPAN><SPAN lang=IT>La pubblicazione del bando di appalto per il primo lotto della Sassari-Olbia \u00e8 la migliore risposta possibile a chi, ancora in queste ore, va strumentalmente affermando, contro ogni evidenza, che la Giunta regionale presieduta da Ugo Cappellacci non sar\u00e0 in grado di realizzare l\u2019opera secondo l\u2019iter prestabilito\".<\/p>\n<\/p>\n<p>\"Mentre il centrosinistra parla e straparla, . ha aggiunto Diana - il centrodestra agisce e d\u00e0 concretezza agli impegni assunti con i sardi. L\u2019opposizione secondo cui sulla quattro corsie si starebbero facendo solo proclami elettorali \u00e8 in grado di mostrare quali risultati ha prodotto nella scorsa legislatura, quando si trovava al governo della Regione?\".<\/p>\n<\/p>\n<p>\"La verit\u00e0 \u00e8 che solo con la nomina del presidente Cappellacci a commissario straordinario si \u00e8 riusciti a far avanzare l\u2019iter per la messa in sicurezza della strada secondo i tempi e i modi previsti, cosa che chi lo ha preceduto non \u00e8 minimamente riuscito a fare - ha concluso il capogruppo - Questi sono risultati, il resto \u00e8 solo la solita polemica elettorale di bassa lega, che non interessa n\u00e9 a noi, n\u00e9, soprattutto, ai sardi\". Red.<\/p>\n","protected":false},"excerpt":{"rendered":"<p>Il capogruppo del Popolo della Libert\u00e0 in Consiglio regionale, Mario Diana, ha cos\u00ec commentato l&#8217;avvio dei lavori della Sassari Olbia, annunciato dal presidente Cappellacci: &#8220;La&#8230;<\/p>\n","protected":false},"author":2,"featured_media":0,"comment_status":"closed","ping_status":"closed","sticky":false,"template":"","format":"standard","meta":[],"categories":[49],"tags":[],"_links":{"self":[{"href":"https:\/\/www.cronacaonline.it\/index.php\/wp-json\/wp\/v2\/posts\/66320"}],"collection":[{"href":"https:\/\/www.cronacaonline.it\/index.php\/wp-json\/wp\/v2\/posts"}],"about":[{"href":"https:\/\/www.cronacaonline.it\/index.php\/wp-json\/wp\/v2\/types\/post"}],"author":[{"embeddable":true,"href":"https:\/\/www.cronacaonline.it\/index.php\/wp-json\/wp\/v2\/users\/2"}],"replies":[{"embeddable":true,"href":"https:\/\/www.cronacaonline.it\/index.php\/wp-json\/wp\/v2\/comments?post=66320"}],"version-history":[{"count":0,"href":"https:\/\/www.cronacaonline.it\/index.php\/wp-json\/wp\/v2\/posts\/66320\/revisions"}],"wp:attachment":[{"href":"https:\/\/www.cronacaonline.it\/index.php\/wp-json\/wp\/v2\/media?parent=66320"}],"wp:term":[{"taxonomy":"category","embeddable":true,"href":"https:\/\/www.cronacaonline.it\/index.php\/wp-json\/wp\/v2\/categories?post=66320"},{"taxonomy":"post_tag","embeddable":true,"href":"https:\/\/www.cronacaonline.it\/index.php\/wp-json\/wp\/v2\/tags?post=66320"}],"curies":[{"name":"wp","href":"https:\/\/api.w.org\/{rel}","templated":true}]}}