{"id":65994,"date":"2011-03-18T00:00:00","date_gmt":"2011-03-17T23:00:00","guid":{"rendered":"http:\/\/www.cronacaonline.it\/public\/content\/index.php\/2011\/03\/18\/sesta-commissione-industria-audizione-del-commissario-liquidatore-della-fluorite-di-silius-spa-andrea-garau-sulla-situazione-della-societa\/"},"modified":"2011-03-18T00:00:00","modified_gmt":"2011-03-17T23:00:00","slug":"sesta-commissione-industria-audizione-del-commissario-liquidatore-della-fluorite-di-silius-spa-andrea-garau-sulla-situazione-della-societa","status":"publish","type":"post","link":"https:\/\/www.cronacaonline.it\/index.php\/2011\/03\/18\/sesta-commissione-industria-audizione-del-commissario-liquidatore-della-fluorite-di-silius-spa-andrea-garau-sulla-situazione-della-societa\/","title":{"rendered":"Sesta commissione (Industria): audizione del commissario liquidatore della Fluorite di Silius Spa, Andrea Garau, sulla situazione della societ\u00e0"},"content":{"rendered":"<p><SPAN style=\"FONT-FAMILY: 'Verdana', 'sans-serif'; mso-fareast-language: IT\">\u201cLa Regione per mantenere la struttura della Fluorite di Silius spende ogni anno cinque milioni di euro. Di questi, un milione \u00e8 destinato alla cassa integrazione dei 105 dipendenti, un milione e 600mila euro sono i costi relativi alla manutenzione e sicurezza, i restanti due milioni e 400mila sono destinati all\u2019integrazione degli stipendi dei dipendenti, fondo che garantisce loro di percepire il 100% del salario che guadagnavano prima della messa in cassa integrazione\u201d. Il quadro della situazione della Fluorite \u00e8 stato delineato dal suo commissario liquidatore, Andrea Garau, sentito in audizione questa mattina dalla Sesta commissione (Industria) presieduta da Alberto Randazzo (Pdl). Garau \u00e8 stato convocato per illustrare lo stato dell\u2019arte della crisi che coinvolge la miniera di Silius da anni, e per capire quanto le risorse stanziate dall\u2019articolo 22 del DL 222 collegato alla manovra Finanziaria 2011-2013 (3 milioni di euro) possano essere un aiuto concreto alla ripresa dell\u2019attivit\u00e0 della miniera.<\/SPAN><\/p>\n<p><SPAN style=\"FONT-FAMILY: 'Verdana', 'sans-serif'; mso-fareast-language: IT\">Il commissario liquidatore ha spiegato alla Commissione di aver sottoposto all\u2019assessore regionale all\u2019Industria una proposta basata su un accordo con i sindacati aziendali e territoriali, per la quale, in attesa del nuovo bando che la Regione predisporr\u00e0 per affidare la concessione della miniera, \u00e8 previsto lo scorporamento della parte coltivabile della miniera da quella che dovr\u00e0 essere interessata dai lavori di ripristino e di bonifica. Garau ha spiegato che \u201cil giacimento potr\u00e0 essere sfruttato al massimo per 5\/8 anni, mentre altri 15\/18 anni sono previsti per i lavori di bonifica ambientale\u201d. <\/SPAN><\/p>\n<p><SPAN style=\"FONT-FAMILY: 'Verdana', 'sans-serif'; mso-fareast-language: IT\">Il consigliere Giampaolo Diana (Pd) ha poi esortato il commissario a fornire ulteriori informazioni sulla eventuale possibilit\u00e0 di ripresa dell\u2019attivit\u00e0 mineraria: \u201cLa fluorite \u00e8 uno dei 14 minerali rari e di importanza strategica indicati come essenziali dall\u2019Unione Europea e di cui, nel mondo, la Cina ha il pi\u00f9 importante patrimonio. La Sardegna \u2013 ha ricordato Diana \u2013 \u00e8 una delle poche zone in Europa che ne ha ampia disponibilit\u00e0, per questo si dovrebbero fare tutti gli sforzi perch\u00e9 la miniera di Silius rilanci la propria attivit\u00e0\u201d. <\/SPAN><\/p>\n<p><SPAN style=\"FONT-FAMILY: 'Verdana', 'sans-serif'; mso-fareast-language: IT\">Rispondendo alle sollecitazioni del consigliere dei Democratici, Garau ha chiarito il ruolo che il suo mandato prevede: \u201cNon sono stato nominato per chiudere la miniera e per portare avanti i progetti di bonifica ho bisogno di un mandato specifico\u201d. Garau ha infine informato la Commissione di attendere da parte dell\u2019assessore all\u2019Industria Oscar Cherchi un riscontro in merito alla proposta avanzata.<\/SPAN><\/p>\n<p><SPAN style=\"FONT-FAMILY: 'Verdana', 'sans-serif'; mso-fareast-language: IT\">Il presidente Alberto Randazzo, su stimolo dei consiglieri Edoardo Tocco (Pdl), Eugenio Murgioni (Pdl) e dello stesso Giampaolo Diana, ha annunciato di voler convocare al pi\u00f9 presto l\u2019assessore in audizione per proseguire l\u2019analisi e l\u2019approfondimento sulla situazione della miniera. <\/SPAN><\/p>\n","protected":false},"excerpt":{"rendered":"<p>\u201cLa Regione per mantenere la struttura della Fluorite di Silius spende ogni anno cinque milioni di euro. Di questi, un milione \u00e8 destinato alla cassa&#8230;<\/p>\n","protected":false},"author":2,"featured_media":0,"comment_status":"closed","ping_status":"closed","sticky":false,"template":"","format":"standard","meta":[],"categories":[49],"tags":[],"_links":{"self":[{"href":"https:\/\/www.cronacaonline.it\/index.php\/wp-json\/wp\/v2\/posts\/65994"}],"collection":[{"href":"https:\/\/www.cronacaonline.it\/index.php\/wp-json\/wp\/v2\/posts"}],"about":[{"href":"https:\/\/www.cronacaonline.it\/index.php\/wp-json\/wp\/v2\/types\/post"}],"author":[{"embeddable":true,"href":"https:\/\/www.cronacaonline.it\/index.php\/wp-json\/wp\/v2\/users\/2"}],"replies":[{"embeddable":true,"href":"https:\/\/www.cronacaonline.it\/index.php\/wp-json\/wp\/v2\/comments?post=65994"}],"version-history":[{"count":0,"href":"https:\/\/www.cronacaonline.it\/index.php\/wp-json\/wp\/v2\/posts\/65994\/revisions"}],"wp:attachment":[{"href":"https:\/\/www.cronacaonline.it\/index.php\/wp-json\/wp\/v2\/media?parent=65994"}],"wp:term":[{"taxonomy":"category","embeddable":true,"href":"https:\/\/www.cronacaonline.it\/index.php\/wp-json\/wp\/v2\/categories?post=65994"},{"taxonomy":"post_tag","embeddable":true,"href":"https:\/\/www.cronacaonline.it\/index.php\/wp-json\/wp\/v2\/tags?post=65994"}],"curies":[{"name":"wp","href":"https:\/\/api.w.org\/{rel}","templated":true}]}}