{"id":65945,"date":"2011-03-17T00:00:00","date_gmt":"2011-03-16T23:00:00","guid":{"rendered":"http:\/\/www.cronacaonline.it\/public\/content\/index.php\/2011\/03\/17\/commissione-sanita-via-libera-allarticolo-4-del-testo-unificato-pl-48-dl-99-riforma-del-ssr\/"},"modified":"2011-03-17T00:00:00","modified_gmt":"2011-03-16T23:00:00","slug":"commissione-sanita-via-libera-allarticolo-4-del-testo-unificato-pl-48-dl-99-riforma-del-ssr","status":"publish","type":"post","link":"https:\/\/www.cronacaonline.it\/index.php\/2011\/03\/17\/commissione-sanita-via-libera-allarticolo-4-del-testo-unificato-pl-48-dl-99-riforma-del-ssr\/","title":{"rendered":"Commissione Sanit\u00e0: via libera all\u2019articolo 4 del Testo unificato P.L. 48 \u2013 D.L. 99 (Riforma del S.S.R.)"},"content":{"rendered":"<p><SPAN style=\"FONT-FAMILY: 'Verdana', 'sans-serif'\">La Commissione Sanit\u00e0, presieduta dall\u2019on. Felice Contu (Udc-Fli), ha approvato l\u2019articolo 4 del Testo unificato P.L. 48 \u2013 D.L. 99 (Riforma del S.S.R.). <\/SPAN><\/p>\n<p><SPAN style=\"FONT-FAMILY: 'Verdana', 'sans-serif'\">Marted\u00ec prossimo la Commissione Sanit\u00e0 esaminer\u00e0 l\u2019articolo 5. <SPAN style=\"mso-spacerun: yes\">&nbsp;<\/SPAN><\/SPAN><SPAN style=\"FONT-FAMILY: 'Verdana', 'sans-serif'; COLOR: black; mso-fareast-font-family: 'Times New Roman'; mso-bidi-font-family: 'Times New Roman'; mso-fareast-language: IT\"><\/SPAN><\/p>\n","protected":false},"excerpt":{"rendered":"<p>La Commissione Sanit\u00e0, presieduta dall\u2019on. Felice Contu (Udc-Fli), ha approvato l\u2019articolo 4 del Testo unificato P.L. 48 \u2013 D.L. 99 (Riforma del S.S.R.). Marted\u00ec prossimo&#8230;<\/p>\n","protected":false},"author":2,"featured_media":8794,"comment_status":"closed","ping_status":"closed","sticky":false,"template":"","format":"standard","meta":[],"categories":[49],"tags":[],"_links":{"self":[{"href":"https:\/\/www.cronacaonline.it\/index.php\/wp-json\/wp\/v2\/posts\/65945"}],"collection":[{"href":"https:\/\/www.cronacaonline.it\/index.php\/wp-json\/wp\/v2\/posts"}],"about":[{"href":"https:\/\/www.cronacaonline.it\/index.php\/wp-json\/wp\/v2\/types\/post"}],"author":[{"embeddable":true,"href":"https:\/\/www.cronacaonline.it\/index.php\/wp-json\/wp\/v2\/users\/2"}],"replies":[{"embeddable":true,"href":"https:\/\/www.cronacaonline.it\/index.php\/wp-json\/wp\/v2\/comments?post=65945"}],"version-history":[{"count":0,"href":"https:\/\/www.cronacaonline.it\/index.php\/wp-json\/wp\/v2\/posts\/65945\/revisions"}],"wp:featuredmedia":[{"embeddable":true,"href":"https:\/\/www.cronacaonline.it\/index.php\/wp-json\/"}],"wp:attachment":[{"href":"https:\/\/www.cronacaonline.it\/index.php\/wp-json\/wp\/v2\/media?parent=65945"}],"wp:term":[{"taxonomy":"category","embeddable":true,"href":"https:\/\/www.cronacaonline.it\/index.php\/wp-json\/wp\/v2\/categories?post=65945"},{"taxonomy":"post_tag","embeddable":true,"href":"https:\/\/www.cronacaonline.it\/index.php\/wp-json\/wp\/v2\/tags?post=65945"}],"curies":[{"name":"wp","href":"https:\/\/api.w.org\/{rel}","templated":true}]}}