{"id":65764,"date":"2011-03-24T00:00:00","date_gmt":"2011-03-23T23:00:00","guid":{"rendered":"http:\/\/www.cronacaonline.it\/public\/content\/index.php\/2011\/03\/24\/pregiudicato-ucraino-arrestato-dalla-polizia-per-resistenza-e-lesioni-a-pu\/"},"modified":"2011-03-24T00:00:00","modified_gmt":"2011-03-23T23:00:00","slug":"pregiudicato-ucraino-arrestato-dalla-polizia-per-resistenza-e-lesioni-a-pu","status":"publish","type":"post","link":"https:\/\/www.cronacaonline.it\/index.php\/2011\/03\/24\/pregiudicato-ucraino-arrestato-dalla-polizia-per-resistenza-e-lesioni-a-pu\/","title":{"rendered":"Pregiudicato ucraino arrestato dalla Polizia per resistenza e lesioni a P.U."},"content":{"rendered":"<p><FONT face=\"\">Ieri alle ore 18,30 circa a Cagliari, gli agenti della Squadra Volanti della Questura cittadina hanno arrestato per resistenza e lesioni a Pubblico Ufficiale, Denysiuk Vasyl, di 40 anni, con precidenti penali.<\/FONT><\/p>\n<p><FONT face=\"\">La Volante \u00e8 intervenuta in Corso Vittorio Emanuele dove era stato segnalata una persona stesa a terra lungo la strada bloccando cos\u00ec il traffico. Quindi il personale della Polizia giunta sul posto ha cercato di spostare l\u2019uomo, completamente ubriaco, ma questi ha reagito ingaggiando un furioso corpo a corpo con i poliziotti che dopo la violenta colluttazione lo hanno ammanettato per poterlo farlo saliere a bordo di una unit\u00e0 medica del 118. Ma nonostante l\u2019aiuto dei sanitari gli agenti non sono comunque riusciti a farlo salire a bordo dell\u2019ambulanza.<\/FONT><\/p>\n<p><FONT face=\"\">A questo punto non \u00e8 rimasto altro che farlo salire a bordo della vettura di servizio della Polizia con la quale \u00e8 stato portato in un pronto soccorso dove \u00e8 stato sedato e poi portato negli uffici della Questura dove \u00e8 stato identificato e poi trattenuto nelle camere di sicurezza di via Amat in attesa delle decisioni del giudice.<\/FONT><\/p>\n<p><FONT face=\"\">&nbsp;<\/FONT><\/p>\n","protected":false},"excerpt":{"rendered":"<p>Ieri alle ore 18,30 circa a Cagliari, gli agenti della Squadra Volanti della Questura cittadina hanno arrestato per resistenza e lesioni a Pubblico Ufficiale, Denysiuk&#8230;<\/p>\n","protected":false},"author":2,"featured_media":8729,"comment_status":"closed","ping_status":"closed","sticky":false,"template":"","format":"standard","meta":[],"categories":[49],"tags":[],"_links":{"self":[{"href":"https:\/\/www.cronacaonline.it\/index.php\/wp-json\/wp\/v2\/posts\/65764"}],"collection":[{"href":"https:\/\/www.cronacaonline.it\/index.php\/wp-json\/wp\/v2\/posts"}],"about":[{"href":"https:\/\/www.cronacaonline.it\/index.php\/wp-json\/wp\/v2\/types\/post"}],"author":[{"embeddable":true,"href":"https:\/\/www.cronacaonline.it\/index.php\/wp-json\/wp\/v2\/users\/2"}],"replies":[{"embeddable":true,"href":"https:\/\/www.cronacaonline.it\/index.php\/wp-json\/wp\/v2\/comments?post=65764"}],"version-history":[{"count":0,"href":"https:\/\/www.cronacaonline.it\/index.php\/wp-json\/wp\/v2\/posts\/65764\/revisions"}],"wp:featuredmedia":[{"embeddable":true,"href":"https:\/\/www.cronacaonline.it\/index.php\/wp-json\/"}],"wp:attachment":[{"href":"https:\/\/www.cronacaonline.it\/index.php\/wp-json\/wp\/v2\/media?parent=65764"}],"wp:term":[{"taxonomy":"category","embeddable":true,"href":"https:\/\/www.cronacaonline.it\/index.php\/wp-json\/wp\/v2\/categories?post=65764"},{"taxonomy":"post_tag","embeddable":true,"href":"https:\/\/www.cronacaonline.it\/index.php\/wp-json\/wp\/v2\/tags?post=65764"}],"curies":[{"name":"wp","href":"https:\/\/api.w.org\/{rel}","templated":true}]}}