{"id":65763,"date":"2011-03-03T00:00:00","date_gmt":"2011-03-02T23:00:00","guid":{"rendered":"http:\/\/www.cronacaonline.it\/public\/content\/index.php\/2011\/03\/03\/fondi-fas-replica-di-diana-pdl-a-bruno-pd-la-responsabilita-della-mancata-spesa-delle-risorse-chiara-e-circoscritta\/"},"modified":"2011-03-03T00:00:00","modified_gmt":"2011-03-02T23:00:00","slug":"fondi-fas-replica-di-diana-pdl-a-bruno-pd-la-responsabilita-della-mancata-spesa-delle-risorse-chiara-e-circoscritta","status":"publish","type":"post","link":"https:\/\/www.cronacaonline.it\/index.php\/2011\/03\/03\/fondi-fas-replica-di-diana-pdl-a-bruno-pd-la-responsabilita-della-mancata-spesa-delle-risorse-chiara-e-circoscritta\/","title":{"rendered":"Fondi Fas &#8211; Replica di Diana (PdL) a Bruno (Pd): &#8220;La responsabilit\u00e0 della mancata spesa delle risorse chiara e circoscritta&#8221;."},"content":{"rendered":"<p>Il capogruppo del Popolo della Libert\u00e0 in Consiglio regionale, Mario Diana, in replica al pari grado del Partito Democratico, Mario Bruno, ha affermato:<SPAN lang=\"\"> \"<\/SPAN><SPAN lang=IT>Prima di accusare gli altri di dire cose inesatte, l'on. Bruno farebbe bene a documentarsi, cosa che evidentemente non deve avere fatto, visto quanto vaghe sono le sue dichiarazioni circa presunte responsabilit\u00e0 dei governi regionali di centrodestra che hanno preceduto la giunta Soru nella perdita di 180milioni di euro di fondi Fas, rimasti inutilizzati nelle casse della Regione\".<\/p>\n<\/p>\n<p>\"Se avesse provveduto a documentarsi - ha proseguito Diana - l'on. Bruno avrebbe scoperto che, nel 2005, con in carica il governo Berlusconi, il Cipe adott\u00f2 due diverse delibere per consentire alla Regione di spendere, entro il termine ultimativo di giugno 2009, i fondi Fas del sessennio 2000-2006 ancora inutilizzati\".<\/p>\n<\/p>\n<p>\"Considerato che la giunta Soru \u00e8 rimasta in carica fino ai primi mesi del 2009 - ha concluso il capogruppo - la responsabilit\u00e0 della mancata spesa delle risorse appare chiara e circoscritta al di l\u00e0 di ogni ragionevole dubbio. Si spera che ci\u00f2 possa essere di aiuto all'on. Bruno per chiarirsi le idee, anche relativamente alle proprie responsabilit\u00e0 di esponente politico che appoggiava la Giunta regionale in carica nella passata legislatura\".<\/p>\n","protected":false},"excerpt":{"rendered":"<p>Il capogruppo del Popolo della Libert\u00e0 in Consiglio regionale, Mario Diana, in replica al pari grado del Partito Democratico, Mario Bruno, ha affermato: &#8220;Prima di&#8230;<\/p>\n","protected":false},"author":2,"featured_media":0,"comment_status":"closed","ping_status":"closed","sticky":false,"template":"","format":"standard","meta":[],"categories":[49],"tags":[],"_links":{"self":[{"href":"https:\/\/www.cronacaonline.it\/index.php\/wp-json\/wp\/v2\/posts\/65763"}],"collection":[{"href":"https:\/\/www.cronacaonline.it\/index.php\/wp-json\/wp\/v2\/posts"}],"about":[{"href":"https:\/\/www.cronacaonline.it\/index.php\/wp-json\/wp\/v2\/types\/post"}],"author":[{"embeddable":true,"href":"https:\/\/www.cronacaonline.it\/index.php\/wp-json\/wp\/v2\/users\/2"}],"replies":[{"embeddable":true,"href":"https:\/\/www.cronacaonline.it\/index.php\/wp-json\/wp\/v2\/comments?post=65763"}],"version-history":[{"count":0,"href":"https:\/\/www.cronacaonline.it\/index.php\/wp-json\/wp\/v2\/posts\/65763\/revisions"}],"wp:attachment":[{"href":"https:\/\/www.cronacaonline.it\/index.php\/wp-json\/wp\/v2\/media?parent=65763"}],"wp:term":[{"taxonomy":"category","embeddable":true,"href":"https:\/\/www.cronacaonline.it\/index.php\/wp-json\/wp\/v2\/categories?post=65763"},{"taxonomy":"post_tag","embeddable":true,"href":"https:\/\/www.cronacaonline.it\/index.php\/wp-json\/wp\/v2\/tags?post=65763"}],"curies":[{"name":"wp","href":"https:\/\/api.w.org\/{rel}","templated":true}]}}