{"id":65761,"date":"2011-03-27T00:00:00","date_gmt":"2011-03-26T23:00:00","guid":{"rendered":"http:\/\/www.cronacaonline.it\/public\/content\/index.php\/2011\/03\/27\/a-ras-lanuf-i-ribelli-controllano-il-petrolio\/"},"modified":"2011-03-27T00:00:00","modified_gmt":"2011-03-26T23:00:00","slug":"a-ras-lanuf-i-ribelli-controllano-il-petrolio","status":"publish","type":"post","link":"https:\/\/www.cronacaonline.it\/index.php\/2011\/03\/27\/a-ras-lanuf-i-ribelli-controllano-il-petrolio\/","title":{"rendered":"A Ras Lanuf i ribelli controllano il petrolio"},"content":{"rendered":"<p>Le forze antigovernative hanno riconquistato la strategica citt\u00e0 di Brega, nella Libia orientale, e, avanzando verso ovest, hanno gi\u00e0 raggiunto Uqayla, l'ultima localit\u00e0 prima del principale terminal petrolifero libico, Ras Lanuf. Lo ha riferito un corrispondente di Al Jazeera.<\/p>\n<p>Il terminal petrolifero di Ras Lanuf, nella Libia orientale,&nbsp;\u00e8 caduto nelle mani delle forze antigovernative. Lo hanno constatato giornalisti della France Presse.<\/p>\n<p>Ieri, dopo pesanti raid aerei della coalizione internazionale contro le forze di Gheddafi, gli insorti avevano ripreso la citt\u00e0 di Ajdabiya e in seguito avevano rivendicato anche la riconquista del porto petrolifero di Brega. Ma la notizia non era stata confermata. Il villaggio di Uqayla si trova a circa 110 chilometri ad ovest di Ajdabiya, una trentina ad est di Ras Lanuf.<\/p>\n<p>Il regime di Muammar Gheddafi ha chiesto la fine degli attacchi aerei della coalizione internazionale e ha lanciato un nuovo appello per una riunione urgente del Consiglio di sicurezza dell'Onu. L'appello&nbsp;\u00e8 giunto dopo gli intensi bombardamenti degli alleati lungo la strada che collega Ajbadiya, la strategica citt\u00e0 orientale riconquistata ieri dagli insorti, e Sirte, la citt\u00e0 natale del colonnello.<SPAN class=Apple-converted-space>&nbsp;<\/SPAN><\/p>\n<p><SPAN class=Apple-converted-space><\/SPAN>Un portavoce del regime, Ibrahim, ha definito l'offensiva \"sanguinaria, immorale e illegale\" e ha nuovamente parlato di \"numerose vittime tra i militari ma anche tra i civili\".<SPAN class=Apple-converted-space>&nbsp;<\/SPAN><\/p>\n<p><SPAN class=Apple-converted-space><\/SPAN>\"Chiediamo il blocco urgente e immediato dei raid aerei e una riunione urgente del Consiglio di sicurezza\" dell'Onu. Secondo Ibrahim, la coalizione ha intensificato le incursioni con l'avvicinarsi di un vertice, in programma per marted\u00ec a Londra, durante il quale sar\u00e0 esaminata un'iniziativa franco-britannica per una soluzione politica del conflitto in Libia.&nbsp;<\/p>\n<p>Intanto a Bruxelles la Nato mette a punto piani e regole di ingaggio per il passaggio del comando della missione all'Alleanza: oggi \u00e8 in programma una riunione che dovrebbe mettere il timbro politico sulla decisione per il passaggio di consegne, domani, tra la coalizione dei volenterosi ed il comando Nato. Il presidente Barack Obama rassicura gli americani annunciando che la coalizione sta vincendo e ha sventato una \"catastrofe umanitaria\" e \"un bagno di sangue\".<\/p>\n<p>Pregando per \"un ritorno alla concordia in Libia e nell'intera Regione nordafricana\" il Papa rivolge \"un accorato appello agli organismi internazionali e a quanti hanno responsabilit\u00e0 politiche e militari, per l'immediato avvio di un dialogo, che sospenda l'uso delle armi\". Papa Ratzinger lo ha detto dopo la preghiera dell'Angelus.<\/p>\n","protected":false},"excerpt":{"rendered":"<p>Le forze antigovernative hanno riconquistato la strategica citt\u00e0 di Brega, nella Libia orientale, e, avanzando verso ovest, hanno gi\u00e0 raggiunto Uqayla, l&#8217;ultima localit\u00e0 prima del&#8230;<\/p>\n","protected":false},"author":2,"featured_media":8874,"comment_status":"closed","ping_status":"closed","sticky":false,"template":"","format":"standard","meta":[],"categories":[49],"tags":[],"_links":{"self":[{"href":"https:\/\/www.cronacaonline.it\/index.php\/wp-json\/wp\/v2\/posts\/65761"}],"collection":[{"href":"https:\/\/www.cronacaonline.it\/index.php\/wp-json\/wp\/v2\/posts"}],"about":[{"href":"https:\/\/www.cronacaonline.it\/index.php\/wp-json\/wp\/v2\/types\/post"}],"author":[{"embeddable":true,"href":"https:\/\/www.cronacaonline.it\/index.php\/wp-json\/wp\/v2\/users\/2"}],"replies":[{"embeddable":true,"href":"https:\/\/www.cronacaonline.it\/index.php\/wp-json\/wp\/v2\/comments?post=65761"}],"version-history":[{"count":0,"href":"https:\/\/www.cronacaonline.it\/index.php\/wp-json\/wp\/v2\/posts\/65761\/revisions"}],"wp:featuredmedia":[{"embeddable":true,"href":"https:\/\/www.cronacaonline.it\/index.php\/wp-json\/"}],"wp:attachment":[{"href":"https:\/\/www.cronacaonline.it\/index.php\/wp-json\/wp\/v2\/media?parent=65761"}],"wp:term":[{"taxonomy":"category","embeddable":true,"href":"https:\/\/www.cronacaonline.it\/index.php\/wp-json\/wp\/v2\/categories?post=65761"},{"taxonomy":"post_tag","embeddable":true,"href":"https:\/\/www.cronacaonline.it\/index.php\/wp-json\/wp\/v2\/tags?post=65761"}],"curies":[{"name":"wp","href":"https:\/\/api.w.org\/{rel}","templated":true}]}}