{"id":65681,"date":"2011-03-30T00:00:00","date_gmt":"2011-03-29T22:00:00","guid":{"rendered":"http:\/\/www.cronacaonline.it\/public\/content\/index.php\/2011\/03\/30\/weekend-con-spettacoli-di-beneficenza-dallassociazione-fiori-nel-deserto\/"},"modified":"2011-03-30T00:00:00","modified_gmt":"2011-03-29T22:00:00","slug":"weekend-con-spettacoli-di-beneficenza-dallassociazione-fiori-nel-deserto","status":"publish","type":"post","link":"https:\/\/www.cronacaonline.it\/index.php\/2011\/03\/30\/weekend-con-spettacoli-di-beneficenza-dallassociazione-fiori-nel-deserto\/","title":{"rendered":"Weekend con spettacoli di beneficenza dall\u2019associazione Fiori nel deserto"},"content":{"rendered":"<p><SPAN style=\"FONT-FAMILY: 'Verdana', 'sans-serif'\">Promuovere l\u2019incontro tra i giovani e diffondere una cultura solidale con le fasce pi\u00f9 deboli ed emarginate della societ\u00e0. Sono mossi da queste finalit\u00e0 nell\u2019associazione culturale \u201c<B style=\"mso-bidi-font-weight: normal\">Fiori nel deserto\u201d<\/B> che presenta nell\u2019ambito della rassegna <B style=\"mso-bidi-font-weight: normal\">Cagliari a Teatro 2011, <\/B>due spettacoli di beneficenza<B style=\"mso-bidi-font-weight: normal\">. <\/B><\/SPAN><\/p>\n<p><B style=\"mso-bidi-font-weight: normal\"><SPAN style=\"FONT-FAMILY: 'Verdana', 'sans-serif'\">&nbsp;<\/SPAN><\/B><\/p>\n<p><SPAN style=\"FONT-FAMILY: 'Verdana', 'sans-serif'\">Il calendario delle proposte si apre <B style=\"mso-bidi-font-weight: normal\">sabato 2 aprile alle ore 21 all\u2019Auditorium Comunale di Piazzetta Dettori, <\/B>con il concerto <B style=\"mso-bidi-font-weight: normal\"><I style=\"mso-bidi-font-style: normal\">\u201cNuovi talenti per cambiare la musica in citt\u00e0\u201d.<\/I><\/B><\/SPAN><\/p>\n<p><B style=\"mso-bidi-font-weight: normal\"><I style=\"mso-bidi-font-style: normal\"><SPAN style=\"FONT-FAMILY: 'Verdana', 'sans-serif'\"><SPAN style=\"mso-spacerun: yes\">&nbsp;<\/SPAN><\/SPAN><\/I><\/B><\/p>\n<p><SPAN style=\"FONT-FAMILY: 'Verdana', 'sans-serif'\">Sul palcoscenico del teatro di Piazza Dettori alla presenza di un ospite d\u2019eccezione, l\u2019attore comico <B style=\"mso-bidi-font-weight: normal\">Andrea Roncato<\/B>, si alterneranno in una serata all\u2019insegna della musica pop italiana e di alcune delle tracce pi\u00f9 note del repertorio rythm and blues, tre giovani emergenti nel panorama musicale nazionale: il milanese <B style=\"mso-bidi-font-weight: normal\">Angelo Maugeri<\/B>, il romano <B style=\"mso-bidi-font-weight: normal\">Marco Canigiula<\/B> conosciuto dopo la partecipazione al Festival di Sanremo nel 2004 con il nome d\u2019arte \u201c<B style=\"mso-bidi-font-weight: normal\">Andr\u00e8\u201d<\/B> e proveniente sempre dalla capitale, ancora fresco del debutto tra le voci nuove all\u2019edizione di quest\u2019anno della kermesse sanremese, \u201c<B style=\"mso-bidi-font-weight: normal\">Neks\u201d <\/B>all\u2019anagrafe <B style=\"mso-bidi-font-weight: normal\">Francesco Granicola<\/B>.<SPAN style=\"mso-spacerun: yes\">&nbsp;&nbsp; <\/SPAN><\/SPAN><\/p>\n<p><SPAN style=\"FONT-FAMILY: 'Verdana', 'sans-serif'\">&nbsp;<\/SPAN><\/p>\n<p><SPAN style=\"FONT-FAMILY: 'Verdana', 'sans-serif'\">Per il secondo appuntamento all\u2019associazione Fiori nel deserto propone, per <B style=\"mso-bidi-font-weight: normal\">domenica 3 aprile alle ore 19 sempre All\u2019Auditorium di Piazzetta Dettori a Cagliari,<\/B> lo spettacolo per bambini <B style=\"mso-bidi-font-weight: normal\">\u201c<I style=\"mso-bidi-font-style: normal\">Un girotondo d\u2019amore<\/I>\u201d. <\/B><\/SPAN><\/p>\n<p><B style=\"mso-bidi-font-weight: normal\"><SPAN style=\"FONT-FAMILY: 'Verdana', 'sans-serif'\">&nbsp;<\/SPAN><\/B><\/p>\n<p><SPAN style=\"FONT-FAMILY: 'Verdana', 'sans-serif'\">Lo spettacolo interpretato da un gruppo di bambini delle scuole elementari con la formula di un festoso momento di gioco collettivo con scenette comiche, ripercorre come in un veloce viaggio nel tempo al ritmo della celebre filastrocca del giro giro tondo, la storia della creazione<B style=\"mso-bidi-font-weight: normal\"> <\/B>del mondo. In questa esplorazione incontrano vari personaggi e figure celebri del passato come No\u00e8, Ges\u00f9, Einstein e tanti altri, che svelano ai piccoli attori gli effetti negativi del degrado umano, sociale, i danni della guerra, i mali che attanagliano l\u2019umanit\u00e0, ma li aiutano ad esprimere anche il desiderio e la speranza di veder realizzato un mondo migliore e di pace.<\/SPAN><\/p>\n<p><SPAN style=\"FONT-FAMILY: 'Verdana', 'sans-serif'\">&nbsp;<\/SPAN><\/p>\n<p><SPAN style=\"FONT-FAMILY: 'Verdana', 'sans-serif'\">La rassegna \u00e8 organizzata con il coordinamento della Scuola D\u2019Arte Drammatica in collaborazione con il Comune di Cagliari e con un contributo della Provincia. <\/SPAN><\/p>\n<p><SPAN style=\"FONT-FAMILY: 'Verdana', 'sans-serif'\">&nbsp;<\/SPAN><\/p>\n","protected":false},"excerpt":{"rendered":"<p>Promuovere l\u2019incontro tra i giovani e diffondere una cultura solidale con le fasce pi\u00f9 deboli ed emarginate della societ\u00e0. Sono mossi da queste finalit\u00e0 nell\u2019associazione&#8230;<\/p>\n","protected":false},"author":2,"featured_media":8859,"comment_status":"closed","ping_status":"closed","sticky":false,"template":"","format":"standard","meta":[],"categories":[49],"tags":[],"_links":{"self":[{"href":"https:\/\/www.cronacaonline.it\/index.php\/wp-json\/wp\/v2\/posts\/65681"}],"collection":[{"href":"https:\/\/www.cronacaonline.it\/index.php\/wp-json\/wp\/v2\/posts"}],"about":[{"href":"https:\/\/www.cronacaonline.it\/index.php\/wp-json\/wp\/v2\/types\/post"}],"author":[{"embeddable":true,"href":"https:\/\/www.cronacaonline.it\/index.php\/wp-json\/wp\/v2\/users\/2"}],"replies":[{"embeddable":true,"href":"https:\/\/www.cronacaonline.it\/index.php\/wp-json\/wp\/v2\/comments?post=65681"}],"version-history":[{"count":0,"href":"https:\/\/www.cronacaonline.it\/index.php\/wp-json\/wp\/v2\/posts\/65681\/revisions"}],"wp:featuredmedia":[{"embeddable":true,"href":"https:\/\/www.cronacaonline.it\/index.php\/wp-json\/"}],"wp:attachment":[{"href":"https:\/\/www.cronacaonline.it\/index.php\/wp-json\/wp\/v2\/media?parent=65681"}],"wp:term":[{"taxonomy":"category","embeddable":true,"href":"https:\/\/www.cronacaonline.it\/index.php\/wp-json\/wp\/v2\/categories?post=65681"},{"taxonomy":"post_tag","embeddable":true,"href":"https:\/\/www.cronacaonline.it\/index.php\/wp-json\/wp\/v2\/tags?post=65681"}],"curies":[{"name":"wp","href":"https:\/\/api.w.org\/{rel}","templated":true}]}}