{"id":65610,"date":"2011-03-31T00:00:00","date_gmt":"2011-03-30T22:00:00","guid":{"rendered":"http:\/\/www.cronacaonline.it\/public\/content\/index.php\/2011\/03\/31\/il-comune-di-cagliari-presenta-il-progetto-porto-lab\/"},"modified":"2011-03-31T00:00:00","modified_gmt":"2011-03-30T22:00:00","slug":"il-comune-di-cagliari-presenta-il-progetto-porto-lab","status":"publish","type":"post","link":"https:\/\/www.cronacaonline.it\/index.php\/2011\/03\/31\/il-comune-di-cagliari-presenta-il-progetto-porto-lab\/","title":{"rendered":"Il Comune di Cagliari presenta il progetto Porto Lab."},"content":{"rendered":"<p>Si \u00e8 tenuta quest'oggi, nell'Aula Consiliare del Comune di Cagliari, la presentazione del progetto \"Porto Lab\", nato nel 2005 e ora alla sua quarta edizione, svoltosi con il patrocinio dell'assessorato alle Politiche Scolastiche del Comune di Cagliari, organizzato da Contship Italia Group, in collaborazione con le autorit\u00e0 portuali di Cagliari e CICT (Cagliari International Container Terminal).<\/p>\n<p>Il progetto ha visto protagonisti gli alunni di 60 classi delle scuole primarie cittadine e della provincia, che hanno potuto fare un'esperienza diretta della realt\u00e0 portuale del Porto Canale e delle attivit\u00e0 che si svolgono al suo interno.<\/p>\n<p>L'Assessore alle Politiche Scolastiche, Edoardo Usai, rivolgendosi agli studenti, ha sottolineato l'importanza dell'iniziativa sul piano didattico affermando: \"A scuola studiate tante materie, ma quella che vi viene offerta con con il Progetto Porto Lab \u00e8 un'opportunit\u00e0 unica di conoscere una realt\u00e0 produttiva della nostra citt\u00e0, quella del Porto Canale, che altrimenti non avreste modo di conoscere\".<\/p>\n<p>Il valore educativo e culturale del progetto \u00e8 stato ribadito anche da Domenico Bagal\u00e0, Amministratore Delegato di CICT: \"Si tratta di un progetto di sensibilizzazione nei confronti del territorio, tenuto conto del fatto che il porto di Cagliari \u00e8 il quarto porto italiano\".<\/p>\n<p>Le testimonianze dell'esperienza sono raccolte nel blog e nel sito internet <\/FONT><A href=\"http:\/\/www.diariocontship.it\/\"><FONT size=3>www.diariocontship.it<\/FONT><\/A><FONT size=3><SPAN lang=\"\">. Com.<\/p>\n","protected":false},"excerpt":{"rendered":"<p>Si \u00e8 tenuta quest&#8217;oggi, nell&#8217;Aula Consiliare del Comune di Cagliari, la presentazione del progetto &#8220;Porto Lab&#8221;, nato nel 2005 e ora alla sua quarta edizione,&#8230;<\/p>\n","protected":false},"author":2,"featured_media":0,"comment_status":"closed","ping_status":"closed","sticky":false,"template":"","format":"standard","meta":[],"categories":[49],"tags":[],"_links":{"self":[{"href":"https:\/\/www.cronacaonline.it\/index.php\/wp-json\/wp\/v2\/posts\/65610"}],"collection":[{"href":"https:\/\/www.cronacaonline.it\/index.php\/wp-json\/wp\/v2\/posts"}],"about":[{"href":"https:\/\/www.cronacaonline.it\/index.php\/wp-json\/wp\/v2\/types\/post"}],"author":[{"embeddable":true,"href":"https:\/\/www.cronacaonline.it\/index.php\/wp-json\/wp\/v2\/users\/2"}],"replies":[{"embeddable":true,"href":"https:\/\/www.cronacaonline.it\/index.php\/wp-json\/wp\/v2\/comments?post=65610"}],"version-history":[{"count":0,"href":"https:\/\/www.cronacaonline.it\/index.php\/wp-json\/wp\/v2\/posts\/65610\/revisions"}],"wp:attachment":[{"href":"https:\/\/www.cronacaonline.it\/index.php\/wp-json\/wp\/v2\/media?parent=65610"}],"wp:term":[{"taxonomy":"category","embeddable":true,"href":"https:\/\/www.cronacaonline.it\/index.php\/wp-json\/wp\/v2\/categories?post=65610"},{"taxonomy":"post_tag","embeddable":true,"href":"https:\/\/www.cronacaonline.it\/index.php\/wp-json\/wp\/v2\/tags?post=65610"}],"curies":[{"name":"wp","href":"https:\/\/api.w.org\/{rel}","templated":true}]}}