{"id":65580,"date":"2011-03-28T00:00:00","date_gmt":"2011-03-27T22:00:00","guid":{"rendered":"http:\/\/www.cronacaonline.it\/public\/content\/index.php\/2011\/03\/28\/cna-convegno-dal-titolo-questo-prodotto-e-sardo-anzi-no\/"},"modified":"2011-03-28T00:00:00","modified_gmt":"2011-03-27T22:00:00","slug":"cna-convegno-dal-titolo-questo-prodotto-e-sardo-anzi-no","status":"publish","type":"post","link":"https:\/\/www.cronacaonline.it\/index.php\/2011\/03\/28\/cna-convegno-dal-titolo-questo-prodotto-e-sardo-anzi-no\/","title":{"rendered":"Cna \u2013 Convegno dal titolo \u201cQuesto prodotto \u00e8 sardo, anzi no\u201d."},"content":{"rendered":"<p><SPAN style=\"LINE-HEIGHT: 115%; FONT-FAMILY: 'Verdana', 'sans-serif'; FONT-SIZE: 12pt\">Mercoled\u00ec 30 marzo 2011, ore 15:30 AL Thotel (via Dei Giudicati 66) a Cagliari, avr\u00e0 luogo un convegno organizzato dalla <st1:PersonName w:st=\"on\" ProductID=\"CNA Sarda\"><st1:PersonName w:st=\"on\">CNA<\/st1:PersonName> Sarda<\/st1:PersonName> Alimentare, dal titolo: \u201cQuesto prodotto \u00e8 sardo, anzi no: Il legame del prodotto con il territorio: un problema o un\u2019occasione di valorizzazione per il rilancio dell\u2019economia isolana?\u201d <\/SPAN><\/p>\n<p><SPAN style=\"LINE-HEIGHT: 115%; FONT-FAMILY: 'Verdana', 'sans-serif'; FONT-SIZE: 12pt\">E\u2019 infatti opinione comune che gli alimenti prodotti in Sardegna siano isolani in tutto e per tutto. Cos\u00ec come spesso si pensa che un alimento trasformato in Italia sia realizzato con materia prima del Bel Paese. Sono soprattutto gli operatori del settore e gli addetti ai lavori a conoscere la triste verit\u00e0 di un\u2019Isola che produce ormai pochissime materie prime e che importa, soprattutto dall\u2019estero, la stragrande maggioranza dei prodotti agricoli, talvolta anche di quelli che hanno fatto la storia della Sardegna o sui quali la Sardegna ha basato la sua economia per secoli. A questo proposito, \u00e8 necessario fare chiarezza e nel contempo non criminalizzare quegli imprenditori che con fatica tutti i giorni fanno impresa, anche laddove la facessero con impiego di materia prima non isolana. L\u2019utilizzo di materia prima extraregionale non \u00e8 infatti quasi mai una scelta indolore. Al contrario, \u00e8 spesso una strada obbligata in mancanza di alternative concrete. Si pu\u00f2 per\u00f2 lavorare per invertire la rotta e fare in modo che un\u2019agricoltura di qualit\u00e0, operi anche al servizio di chi trasforma il prodotto ed ha esigenze precise che il mercato gli impone.<\/SPAN><\/p>\n<p><SPAN style=\"LINE-HEIGHT: 115%; FONT-FAMILY: 'Verdana', 'sans-serif'; FONT-SIZE: 12pt\">Intervengono all\u2019iniziativa coordinata da Maria Antonietta Dess\u00ec, Responsabile <st1:PersonName w:st=\"on\" ProductID=\"CNA Alimentare\"><st1:PersonName w:st=\"on\">CNA<\/st1:PersonName> Alimentare<\/st1:PersonName> Sardegna: <st1:PersonName w:st=\"on\" ProductID=\"Antonello Salis\">Antonello Salis<\/st1:PersonName>, Presidente <st1:PersonName w:st=\"on\" ProductID=\"CNA Alimentare\"><st1:PersonName w:st=\"on\">CNA<\/st1:PersonName> Alimentare<\/st1:PersonName> Nazionale; Silvana Marchese di Certiquality, Giovanni Goglia e <st1:PersonName w:st=\"on\" ProductID=\"Renzo Moro\">Renzo Moro<\/st1:PersonName> del Ministero Politiche Agricole e Forestali, ICQRF di Cagliari, Michele Orlandi del CONAD del Tirreno e Daniela Piccione, Responsabile <st1:PersonName w:st=\"on\" ProductID=\"CNA Alimentare\"><st1:PersonName w:st=\"on\">CNA<\/st1:PersonName> Alimentare<\/st1:PersonName> Nazionale. Dopo il dibattito che vede l\u2019intervento di numerosi imprenditori del settore, chiude la discussione Michele Peano, Presidente <st1:PersonName w:st=\"on\" ProductID=\"CNA Alimentare\"><st1:PersonName w:st=\"on\">CNA<\/st1:PersonName> Alimentare<\/st1:PersonName> Sardegna. Red-com<\/SPAN><\/p>\n","protected":false},"excerpt":{"rendered":"<p>Mercoled\u00ec 30 marzo 2011, ore 15:30 AL Thotel (via Dei Giudicati 66) a Cagliari, avr\u00e0 luogo un convegno organizzato dalla CNA Sarda Alimentare, dal titolo:&#8230;<\/p>\n","protected":false},"author":2,"featured_media":0,"comment_status":"closed","ping_status":"closed","sticky":false,"template":"","format":"standard","meta":[],"categories":[49],"tags":[],"_links":{"self":[{"href":"https:\/\/www.cronacaonline.it\/index.php\/wp-json\/wp\/v2\/posts\/65580"}],"collection":[{"href":"https:\/\/www.cronacaonline.it\/index.php\/wp-json\/wp\/v2\/posts"}],"about":[{"href":"https:\/\/www.cronacaonline.it\/index.php\/wp-json\/wp\/v2\/types\/post"}],"author":[{"embeddable":true,"href":"https:\/\/www.cronacaonline.it\/index.php\/wp-json\/wp\/v2\/users\/2"}],"replies":[{"embeddable":true,"href":"https:\/\/www.cronacaonline.it\/index.php\/wp-json\/wp\/v2\/comments?post=65580"}],"version-history":[{"count":0,"href":"https:\/\/www.cronacaonline.it\/index.php\/wp-json\/wp\/v2\/posts\/65580\/revisions"}],"wp:attachment":[{"href":"https:\/\/www.cronacaonline.it\/index.php\/wp-json\/wp\/v2\/media?parent=65580"}],"wp:term":[{"taxonomy":"category","embeddable":true,"href":"https:\/\/www.cronacaonline.it\/index.php\/wp-json\/wp\/v2\/categories?post=65580"},{"taxonomy":"post_tag","embeddable":true,"href":"https:\/\/www.cronacaonline.it\/index.php\/wp-json\/wp\/v2\/tags?post=65580"}],"curies":[{"name":"wp","href":"https:\/\/api.w.org\/{rel}","templated":true}]}}