{"id":65242,"date":"2011-03-02T00:00:00","date_gmt":"2011-03-01T23:00:00","guid":{"rendered":"http:\/\/www.cronacaonline.it\/public\/content\/index.php\/2011\/03\/02\/allarme-meteo-lassessore-carzedda-raccomanda-di-seguire-i-suggerimenti-della-protezione-civile\/"},"modified":"2011-03-02T00:00:00","modified_gmt":"2011-03-01T23:00:00","slug":"allarme-meteo-lassessore-carzedda-raccomanda-di-seguire-i-suggerimenti-della-protezione-civile","status":"publish","type":"post","link":"https:\/\/www.cronacaonline.it\/index.php\/2011\/03\/02\/allarme-meteo-lassessore-carzedda-raccomanda-di-seguire-i-suggerimenti-della-protezione-civile\/","title":{"rendered":"Allarme meteo &#8211; L&#8217;assessore Carzedda raccomanda di seguire i suggerimenti della Protezione Civile."},"content":{"rendered":"<p>L'Assessore all'Ambiente ed alla Protezione Civile della Provincia di Olbia Tempio, Pietro Carzedda, in seguito all'allerta meteo che sta colpendo l'Italia, ricorda alcune regole suggerite dal Dipartimento Nazionale della Protezione Civile che consentono agli Enti e alle Amministrazioni che stanno gestendo questa emergenza di poter intervenire con tempestivit\u00e0 ed efficienza.<\/p>\n<\/p>\n<p>Nel dettaglio si raccomanda di non sostare in prossimit\u00e0 di fiumi e canali, non attraversare i ponti posti in prossimit\u00e0 di fiumi in piena, non mettersi in viaggio se non \u00e8 strettamente necessario, guidare le automobili con prudenza e segnalare eventuali criticit\u00e0 riscontrate ai numeri verdi 1515 Corpo Forestale della regione e 115 del Corpo Nazionale Vigili del Fuoco. Com.<\/p>\n","protected":false},"excerpt":{"rendered":"<p>L&#8217;Assessore all&#8217;Ambiente ed alla Protezione Civile della Provincia di Olbia Tempio, Pietro Carzedda, in seguito all&#8217;allerta meteo che sta colpendo l&#8217;Italia, ricorda alcune regole suggerite&#8230;<\/p>\n","protected":false},"author":2,"featured_media":0,"comment_status":"closed","ping_status":"closed","sticky":false,"template":"","format":"standard","meta":[],"categories":[49],"tags":[],"_links":{"self":[{"href":"https:\/\/www.cronacaonline.it\/index.php\/wp-json\/wp\/v2\/posts\/65242"}],"collection":[{"href":"https:\/\/www.cronacaonline.it\/index.php\/wp-json\/wp\/v2\/posts"}],"about":[{"href":"https:\/\/www.cronacaonline.it\/index.php\/wp-json\/wp\/v2\/types\/post"}],"author":[{"embeddable":true,"href":"https:\/\/www.cronacaonline.it\/index.php\/wp-json\/wp\/v2\/users\/2"}],"replies":[{"embeddable":true,"href":"https:\/\/www.cronacaonline.it\/index.php\/wp-json\/wp\/v2\/comments?post=65242"}],"version-history":[{"count":0,"href":"https:\/\/www.cronacaonline.it\/index.php\/wp-json\/wp\/v2\/posts\/65242\/revisions"}],"wp:attachment":[{"href":"https:\/\/www.cronacaonline.it\/index.php\/wp-json\/wp\/v2\/media?parent=65242"}],"wp:term":[{"taxonomy":"category","embeddable":true,"href":"https:\/\/www.cronacaonline.it\/index.php\/wp-json\/wp\/v2\/categories?post=65242"},{"taxonomy":"post_tag","embeddable":true,"href":"https:\/\/www.cronacaonline.it\/index.php\/wp-json\/wp\/v2\/tags?post=65242"}],"curies":[{"name":"wp","href":"https:\/\/api.w.org\/{rel}","templated":true}]}}