{"id":65206,"date":"2011-02-09T00:00:00","date_gmt":"2011-02-08T23:00:00","guid":{"rendered":"http:\/\/www.cronacaonline.it\/public\/content\/index.php\/2011\/02\/09\/i-pm-di-milano-rito-immediato-per-il-premier-prova-evidente-e-la-competenza-e-nostra\/"},"modified":"2011-02-09T00:00:00","modified_gmt":"2011-02-08T23:00:00","slug":"i-pm-di-milano-rito-immediato-per-il-premier-prova-evidente-e-la-competenza-e-nostra","status":"publish","type":"post","link":"https:\/\/www.cronacaonline.it\/index.php\/2011\/02\/09\/i-pm-di-milano-rito-immediato-per-il-premier-prova-evidente-e-la-competenza-e-nostra\/","title":{"rendered":"I pm di Milano: rito immediato per il premier &#8216;Prova evidente e la competenza \u00e8 nostra&#8217;"},"content":{"rendered":"<p>\u00c8&#8194;stata ufficializzata questa mattina dalla procura di Milano la richiesta al Gip di giudizio immediato nei confronti del premier Silvio Berlusconi per entrambi i reati contestati nella vicenda Ruby: la concussione e la prostituzione minorile. <\/p>\n<p>I pm,&nbsp;infatti, &nbsp;ritengono \u00absussistere l'evidenza della prova\u00bb,<I>condicio sine qua non<\/I><SPAN class=Apple-converted-space>&nbsp;<\/SPAN>per imboccare quell'autostrada prevista dal codice che permette di saltare l'udienza preliminare. \u00abPer amor di patria oggi non parliamo di giustizia penale...\u00bb. \u00c8 quanto ha detto Silvio Berlusconi illustrando i provvedimenti approvati oggi dal Cdm.<\/p>\n<p>Oltre alla richiesta di giudizio immediato per il premier, i pm hanno inviato al gip una memoria in cui ritengono non sussistere l'ipotesi \u00abdi reato ministeriale\u00bb. \u00ab\u00c8 stata trasmessa al gip una memoria nella quale, a seguito dell'esame degli atti ricevuti dalla Camera e da quelli depositati dalla difesa, si espongono le ragioni per le quali questo ufficio ritiene che in ordine alla concussione non sussiste ipotesi di reato ministeriale\u00bb ha spiegato, in una nota, il procuratore capo di Milano Edmondo Bruti Liberati sottolineando cos\u00ec come la procura ritenga che la competenza sia del tribunale di Milano e non del tribunale dei ministri.<\/p>\n<p><SPAN style=\"WIDOWS: 2; TEXT-TRANSFORM: none; TEXT-INDENT: 0px; BORDER-COLLAPSE: separate; FONT: 16px 'Times New Roman'; WHITE-SPACE: normal; ORPHANS: 2; LETTER-SPACING: normal; COLOR: rgb(0,0,0); WORD-SPACING: 0px; -webkit-border-horizontal-spacing: 0px; -webkit-border-vertical-spacing: 0px; -webkit-text-decorations-in-effect: none; -webkit-text-size-adjust: auto; -webkit-text-stroke-width: 0px\" class=Apple-style-span><SPAN style=\"LINE-HEIGHT: 21px; FONT-FAMILY: Georgia, Palatino, serif; COLOR: rgb(70,70,70); FONT-SIZE: 14px\" class=Apple-style-span>\u00abA seguito di attenta ricognizione dei problemi di diritto e di scrupolosa analisi dei precedenti, questo ufficio ha ritenuto di non doversi discostare dalla linea costantemente seguita a Milano (come negli altri uffici giudiziari) in tema di richiesta di giudizio immediato anche per i reati connessi, essendo pienamente assicurate le garanzie di difesa\u00bb. \u00c8 quanto \u00e8 scritto in un comunicato firmato dal procuratore Edmondo Bruti Liberati con cui si spiega il motivo per cui \u00e8 stato scelto di procedere con la richiesta di rito immediato per il premier per i due reati: concussione e prostituzione minorile.<\/SPAN><\/SPAN><\/p>\n<p><SPAN style=\"WIDOWS: 2; TEXT-TRANSFORM: none; TEXT-INDENT: 0px; BORDER-COLLAPSE: separate; FONT: 16px 'Times New Roman'; WHITE-SPACE: normal; ORPHANS: 2; LETTER-SPACING: normal; COLOR: rgb(0,0,0); WORD-SPACING: 0px; -webkit-border-horizontal-spacing: 0px; -webkit-border-vertical-spacing: 0px; -webkit-text-decorations-in-effect: none; -webkit-text-size-adjust: auto; -webkit-text-stroke-width: 0px\" class=Apple-style-span><SPAN style=\"LINE-HEIGHT: 21px; FONT-FAMILY: Georgia, Palatino, serif; COLOR: rgb(70,70,70); FONT-SIZE: 14px\" class=Apple-style-span><\/SPAN><\/SPAN>&nbsp;<\/p>\n","protected":false},"excerpt":{"rendered":"<p>\u00c8&#8194;stata ufficializzata questa mattina dalla procura di Milano la richiesta al Gip di giudizio immediato nei confronti del premier Silvio Berlusconi per entrambi i reati&#8230;<\/p>\n","protected":false},"author":2,"featured_media":8628,"comment_status":"closed","ping_status":"closed","sticky":false,"template":"","format":"standard","meta":[],"categories":[49],"tags":[],"_links":{"self":[{"href":"https:\/\/www.cronacaonline.it\/index.php\/wp-json\/wp\/v2\/posts\/65206"}],"collection":[{"href":"https:\/\/www.cronacaonline.it\/index.php\/wp-json\/wp\/v2\/posts"}],"about":[{"href":"https:\/\/www.cronacaonline.it\/index.php\/wp-json\/wp\/v2\/types\/post"}],"author":[{"embeddable":true,"href":"https:\/\/www.cronacaonline.it\/index.php\/wp-json\/wp\/v2\/users\/2"}],"replies":[{"embeddable":true,"href":"https:\/\/www.cronacaonline.it\/index.php\/wp-json\/wp\/v2\/comments?post=65206"}],"version-history":[{"count":0,"href":"https:\/\/www.cronacaonline.it\/index.php\/wp-json\/wp\/v2\/posts\/65206\/revisions"}],"wp:featuredmedia":[{"embeddable":true,"href":"https:\/\/www.cronacaonline.it\/index.php\/wp-json\/"}],"wp:attachment":[{"href":"https:\/\/www.cronacaonline.it\/index.php\/wp-json\/wp\/v2\/media?parent=65206"}],"wp:term":[{"taxonomy":"category","embeddable":true,"href":"https:\/\/www.cronacaonline.it\/index.php\/wp-json\/wp\/v2\/categories?post=65206"},{"taxonomy":"post_tag","embeddable":true,"href":"https:\/\/www.cronacaonline.it\/index.php\/wp-json\/wp\/v2\/tags?post=65206"}],"curies":[{"name":"wp","href":"https:\/\/api.w.org\/{rel}","templated":true}]}}