{"id":65123,"date":"2011-02-07T00:00:00","date_gmt":"2011-02-06T23:00:00","guid":{"rendered":"http:\/\/www.cronacaonline.it\/public\/content\/index.php\/2011\/02\/07\/cagliari-1960-1990-essere-un-giovane-negli-anni-60-a-cagliari-lasciare-la-citta-e-farvi-ritorno-dopo-30-anni\/"},"modified":"2011-02-07T00:00:00","modified_gmt":"2011-02-06T23:00:00","slug":"cagliari-1960-1990-essere-un-giovane-negli-anni-60-a-cagliari-lasciare-la-citta-e-farvi-ritorno-dopo-30-anni","status":"publish","type":"post","link":"https:\/\/www.cronacaonline.it\/index.php\/2011\/02\/07\/cagliari-1960-1990-essere-un-giovane-negli-anni-60-a-cagliari-lasciare-la-citta-e-farvi-ritorno-dopo-30-anni\/","title":{"rendered":"Cagliari, 1960-1990 &#8211; Essere un giovane negli anni \u201960 a Cagliari, lasciare la citt\u00e0 e farvi ritorno dopo 30 anni."},"content":{"rendered":"<p><SPAN style=\"LINE-HEIGHT: 115%; FONT-FAMILY: 'Verdana', 'sans-serif'; FONT-SIZE: 12pt; mso-fareast-font-family: 'Arial Unicode MS'\">Un affresco vivace e ironico della citt\u00e0 negli anni \u201960: la modernit\u00e0 che avanza, il clima provinciale della piccola citt\u00e0 isolana sempre pi\u00f9 messo in discussione dalla voglia di vivere dei ragazzi del tempo. Un gap di 30 anni, durante i quali il protagonista si allontana dal capoluogo per ritrovare atmosfere cambiate. Ma quanto cambiate?<\/SPAN><\/p>\n<p><SPAN style=\"LINE-HEIGHT: 115%; FONT-FAMILY: 'Verdana', 'sans-serif'; FONT-SIZE: 12pt; mso-fareast-font-family: 'Arial Unicode MS'\">Marted\u00ec 8 febbraio, alle 17,00, nella sala \u201cPippo Orr\u00f9\u201d dell\u2019Ordine dei medici - via dei Carroz n. 14 \u2013 <SPAN style=\"mso-spacerun: yes\">&nbsp;<\/SPAN>ce ne parla Chicco Melis, giurista col pallino del romanzo, cagliaritano doc.<\/SPAN><\/p>\n<p><SPAN style=\"LINE-HEIGHT: 115%; FONT-FAMILY: 'Verdana', 'sans-serif'; FONT-SIZE: 12pt; mso-fareast-font-family: 'Arial Unicode MS'\">La presentazione \u00e8 il quinto appuntamento della rassegna \u201cI marted\u00ec letterari. Un libro, un autore\u201d, nella quale vengono proposte opere di generi letterari differenti, con una formula flessibile che coinvolge gli spettatori a 360 gradi. <SPAN style=\"mso-spacerun: yes\">&nbsp;<\/SPAN>Com<\/SPAN><\/p>\n","protected":false},"excerpt":{"rendered":"<p>Un affresco vivace e ironico della citt\u00e0 negli anni \u201960: la modernit\u00e0 che avanza, il clima provinciale della piccola citt\u00e0 isolana sempre pi\u00f9 messo in&#8230;<\/p>\n","protected":false},"author":2,"featured_media":0,"comment_status":"closed","ping_status":"closed","sticky":false,"template":"","format":"standard","meta":[],"categories":[49],"tags":[],"_links":{"self":[{"href":"https:\/\/www.cronacaonline.it\/index.php\/wp-json\/wp\/v2\/posts\/65123"}],"collection":[{"href":"https:\/\/www.cronacaonline.it\/index.php\/wp-json\/wp\/v2\/posts"}],"about":[{"href":"https:\/\/www.cronacaonline.it\/index.php\/wp-json\/wp\/v2\/types\/post"}],"author":[{"embeddable":true,"href":"https:\/\/www.cronacaonline.it\/index.php\/wp-json\/wp\/v2\/users\/2"}],"replies":[{"embeddable":true,"href":"https:\/\/www.cronacaonline.it\/index.php\/wp-json\/wp\/v2\/comments?post=65123"}],"version-history":[{"count":0,"href":"https:\/\/www.cronacaonline.it\/index.php\/wp-json\/wp\/v2\/posts\/65123\/revisions"}],"wp:attachment":[{"href":"https:\/\/www.cronacaonline.it\/index.php\/wp-json\/wp\/v2\/media?parent=65123"}],"wp:term":[{"taxonomy":"category","embeddable":true,"href":"https:\/\/www.cronacaonline.it\/index.php\/wp-json\/wp\/v2\/categories?post=65123"},{"taxonomy":"post_tag","embeddable":true,"href":"https:\/\/www.cronacaonline.it\/index.php\/wp-json\/wp\/v2\/tags?post=65123"}],"curies":[{"name":"wp","href":"https:\/\/api.w.org\/{rel}","templated":true}]}}