{"id":65084,"date":"2011-02-16T00:00:00","date_gmt":"2011-02-15T23:00:00","guid":{"rendered":"http:\/\/www.cronacaonline.it\/public\/content\/index.php\/2011\/02\/16\/la-compagnia-teatro-sassari-interpreta-a-cagliari-durrenmatt-in-la-visita-della-vecchia-signora\/"},"modified":"2011-02-16T00:00:00","modified_gmt":"2011-02-15T23:00:00","slug":"la-compagnia-teatro-sassari-interpreta-a-cagliari-durrenmatt-in-la-visita-della-vecchia-signora","status":"publish","type":"post","link":"https:\/\/www.cronacaonline.it\/index.php\/2011\/02\/16\/la-compagnia-teatro-sassari-interpreta-a-cagliari-durrenmatt-in-la-visita-della-vecchia-signora\/","title":{"rendered":"La Compagnia Teatro Sassari interpreta a Cagliari D\u00fcrrenmatt in &#8220;La visita della vecchia signora&#8221;."},"content":{"rendered":"<p><SPAN style=\"FONT-FAMILY: 'Verdana', 'sans-serif'; mso-bidi-font-family: Verdana; mso-ansi-language: #03FF\">Domani, gioved\u00ec 17, e venerd\u00ec 18 febbraio, alle 21.00, a Cagliari, presso il Teatro delle Saline, in Viale la Palma, per il penultimo appuntamento della Stagione Teatro Contemporaneo di Akr\u00f2ama, la Compagnia Teatro Sassari interpreta \"La visita della vecchia signora\", una rivisitazione in chiave locale, in parte nella lingua sassarese, di una delle opere pi\u00f9 conosciute del grande scrittore, drammaturgo e pittore svizzero: Friedrich D\u00fcrrenmatt.<\/SPAN><\/p>\n<p><SPAN style=\"FONT-FAMILY: 'Verdana', 'sans-serif'; mso-bidi-font-family: Verdana; mso-ansi-language: #03FF\">&nbsp;<\/SPAN><\/p>\n<p><SPAN style=\"FONT-FAMILY: 'Verdana', 'sans-serif'; mso-bidi-font-family: Verdana; mso-ansi-language: #03FF\">Scritta nel 1956, l'opera sviscera i temi della punizione, dell'avarizia, della vendetta e della forza morale. Nella libera trasposizione del dramma per la regia di Marco Spiga della Compagnia teatro Sassari, che vedr\u00e0 in scena Teresa Soro, Mario Lubino, Alessandra Spiga, Chicca Sanna, Alfredo Ruscitto, Emanuele Floris, Michelangelo Ghisu, Alessandro Gazale, Pasquale Poddighe, Solferino Sodini e Paolo Colorito, la quotidianit\u00e0 di Alfredo, la vittima predestinata della vendetta, \u00e8 un intricato crescendo di situazioni comico grottesche e angosciosa inquietudine perch\u00e9 di colpo lui un tranquillo lavoratore, si ritrova braccato come un animale. <\/SPAN><\/p>\n<p><SPAN style=\"FONT-FAMILY: 'Verdana', 'sans-serif'; mso-bidi-font-family: Verdana; mso-ansi-language: #03FF\">&nbsp;<\/SPAN><\/p>\n<p><SPAN style=\"FONT-FAMILY: 'Verdana', 'sans-serif'; mso-bidi-font-family: Verdana; mso-ansi-language: #03FF\">Con un velato pessimismo il messaggio principale dell\u2019opera suona come la denuncia di una societ\u00e0 moderna in cui \u00e8 sempre pi\u00f9 radicata la convinzione che con il denaro si possa ottenere qualsiasi cosa. Dietro il miraggio della ricchezza, una somma di denaro come quello offerto dalla signora Clara Zachanassian, si possono persuadere le persone a odiare, uccidere, e perfino ad abusare del concetto di giustizia distorcendolo in modo grottesco. Com.<\/SPAN><SPAN style=\"FONT-FAMILY: 'Verdana', 'sans-serif'; mso-bidi-font-family: Verdana; mso-ansi-language: #0010\" lang=it><\/SPAN><\/p>\n","protected":false},"excerpt":{"rendered":"<p>Domani, gioved\u00ec 17, e venerd\u00ec 18 febbraio, alle 21.00, a Cagliari, presso il Teatro delle Saline, in Viale la Palma, per il penultimo appuntamento della&#8230;<\/p>\n","protected":false},"author":2,"featured_media":0,"comment_status":"closed","ping_status":"closed","sticky":false,"template":"","format":"standard","meta":[],"categories":[49],"tags":[],"_links":{"self":[{"href":"https:\/\/www.cronacaonline.it\/index.php\/wp-json\/wp\/v2\/posts\/65084"}],"collection":[{"href":"https:\/\/www.cronacaonline.it\/index.php\/wp-json\/wp\/v2\/posts"}],"about":[{"href":"https:\/\/www.cronacaonline.it\/index.php\/wp-json\/wp\/v2\/types\/post"}],"author":[{"embeddable":true,"href":"https:\/\/www.cronacaonline.it\/index.php\/wp-json\/wp\/v2\/users\/2"}],"replies":[{"embeddable":true,"href":"https:\/\/www.cronacaonline.it\/index.php\/wp-json\/wp\/v2\/comments?post=65084"}],"version-history":[{"count":0,"href":"https:\/\/www.cronacaonline.it\/index.php\/wp-json\/wp\/v2\/posts\/65084\/revisions"}],"wp:attachment":[{"href":"https:\/\/www.cronacaonline.it\/index.php\/wp-json\/wp\/v2\/media?parent=65084"}],"wp:term":[{"taxonomy":"category","embeddable":true,"href":"https:\/\/www.cronacaonline.it\/index.php\/wp-json\/wp\/v2\/categories?post=65084"},{"taxonomy":"post_tag","embeddable":true,"href":"https:\/\/www.cronacaonline.it\/index.php\/wp-json\/wp\/v2\/tags?post=65084"}],"curies":[{"name":"wp","href":"https:\/\/api.w.org\/{rel}","templated":true}]}}