{"id":64991,"date":"2011-02-01T00:00:00","date_gmt":"2011-01-31T23:00:00","guid":{"rendered":"http:\/\/www.cronacaonline.it\/public\/content\/index.php\/2011\/02\/01\/eurallumina-assessore-cherchi-dal-ministro-romani-massima-attenzione-per-il-rilancio-dellindustria\/"},"modified":"2011-02-01T00:00:00","modified_gmt":"2011-01-31T23:00:00","slug":"eurallumina-assessore-cherchi-dal-ministro-romani-massima-attenzione-per-il-rilancio-dellindustria","status":"publish","type":"post","link":"https:\/\/www.cronacaonline.it\/index.php\/2011\/02\/01\/eurallumina-assessore-cherchi-dal-ministro-romani-massima-attenzione-per-il-rilancio-dellindustria\/","title":{"rendered":"Eurallumina &#8211; Assessore Cherchi: &#8220;Dal Ministro Romani massima attenzione per il rilancio dell&#8217;industria&#8221;."},"content":{"rendered":"<p><SPAN style=\"FONT-FAMILY: 'Verdana', 'sans-serif'; mso-bidi-font-family: Verdana\">L'assessore regionale dell'industria, Oscar Cherchi, a seguito dell\u2019incontro svoltosi ieri a Roma, sul futuro di Eurallumina, ha esposto le questioni legate all\u2019industria di Portovesme affrontate con il Ministro dello sviluppo Economico, Paolo Romani, dichiarando: \"Il ministro mi ha confermato l'attenzione del dicastero e sua personale alla vicenda dell'Eurallumina, sottolineando che l'esigenza pi\u00f9 immediata \u00e8 quella di reperire la quantit\u00e0 necessaria per integrare i 2\/3 di olio combustibile, che sono gi\u00e0 nella disponibilit\u00e0 futura della fabbrica di Portovesme\".<\/SPAN><\/p>\n<p><SPAN style=\"FONT-FAMILY: 'Verdana', 'sans-serif'; mso-bidi-font-family: Verdana\">\"Intanto, per poter allineare il prezzo dell'olio combustibile a quello del carbone che sar\u00e0 utilizzato nella nuova caldaia, il Ministero - rende noto Cherchi - ha gi\u00e0 predisposto un apposito atto con il quale saranno modificate le disposizioni contenute nella deliberazione del comitato interministeriale prezzi sui costi dell\u2019energia elettrica prodotta con impianti da fonti rinnovabili (Cip6)\".<\/SPAN><\/p>\n<p><SPAN style=\"FONT-FAMILY: 'Verdana', 'sans-serif'; mso-bidi-font-family: Verdana\">\"L'adozione di questo provvedimento - sottolinea l'esponente della giunta Cappellacci - \u00e8 un'ulteriore conferma di quanto il Ministro ci tenga a risolvere il problema dell'Eurallumina. Ho gi\u00e0 fatto presente che l'assessorato dell'industria apprezza gli sforzi fin qui compiuti, e che abbiamo davvero intenzione di sfruttare in pieno la disponibilit\u00e0 del Ministro, cos\u00ec da arrivare al 31 marzo con le carte in regola per concedere ai lavoratori la cassa integrazione speciale e subito dopo partire con il progetto di riavvio della fabbrica. Gi\u00e0 dalla fine del mese contiamo di avere un programma pi\u00f9 dettagliato, se non addirittura quello definitivo, dei passi successivi\". Red.<\/SPAN><SPAN style=\"FONT-FAMILY: 'Verdana', 'sans-serif'; mso-bidi-font-family: Verdana; mso-ansi-language: #0010\" lang=it><\/SPAN><\/p>\n","protected":false},"excerpt":{"rendered":"<p>L&#8217;assessore regionale dell&#8217;industria, Oscar Cherchi, a seguito dell\u2019incontro svoltosi ieri a Roma, sul futuro di Eurallumina, ha esposto le questioni legate all\u2019industria di Portovesme affrontate&#8230;<\/p>\n","protected":false},"author":2,"featured_media":0,"comment_status":"closed","ping_status":"closed","sticky":false,"template":"","format":"standard","meta":[],"categories":[49],"tags":[],"_links":{"self":[{"href":"https:\/\/www.cronacaonline.it\/index.php\/wp-json\/wp\/v2\/posts\/64991"}],"collection":[{"href":"https:\/\/www.cronacaonline.it\/index.php\/wp-json\/wp\/v2\/posts"}],"about":[{"href":"https:\/\/www.cronacaonline.it\/index.php\/wp-json\/wp\/v2\/types\/post"}],"author":[{"embeddable":true,"href":"https:\/\/www.cronacaonline.it\/index.php\/wp-json\/wp\/v2\/users\/2"}],"replies":[{"embeddable":true,"href":"https:\/\/www.cronacaonline.it\/index.php\/wp-json\/wp\/v2\/comments?post=64991"}],"version-history":[{"count":0,"href":"https:\/\/www.cronacaonline.it\/index.php\/wp-json\/wp\/v2\/posts\/64991\/revisions"}],"wp:attachment":[{"href":"https:\/\/www.cronacaonline.it\/index.php\/wp-json\/wp\/v2\/media?parent=64991"}],"wp:term":[{"taxonomy":"category","embeddable":true,"href":"https:\/\/www.cronacaonline.it\/index.php\/wp-json\/wp\/v2\/categories?post=64991"},{"taxonomy":"post_tag","embeddable":true,"href":"https:\/\/www.cronacaonline.it\/index.php\/wp-json\/wp\/v2\/tags?post=64991"}],"curies":[{"name":"wp","href":"https:\/\/api.w.org\/{rel}","templated":true}]}}