{"id":64981,"date":"2011-02-03T00:00:00","date_gmt":"2011-02-02T23:00:00","guid":{"rendered":"http:\/\/www.cronacaonline.it\/public\/content\/index.php\/2011\/02\/03\/sanna-psdaz-indispensabile-bloccare-ogni-attivita-o-nomina-in-vista-del-ritorno-al-nucleare-del-nostro-paese\/"},"modified":"2011-02-03T00:00:00","modified_gmt":"2011-02-02T23:00:00","slug":"sanna-psdaz-indispensabile-bloccare-ogni-attivita-o-nomina-in-vista-del-ritorno-al-nucleare-del-nostro-paese","status":"publish","type":"post","link":"https:\/\/www.cronacaonline.it\/index.php\/2011\/02\/03\/sanna-psdaz-indispensabile-bloccare-ogni-attivita-o-nomina-in-vista-del-ritorno-al-nucleare-del-nostro-paese\/","title":{"rendered":"Sanna (Psd&#8217;Az): &#8220;Indispensabile bloccare ogni attivit\u00e0 o nomina in vista del ritorno al nucleare del nostro Paese&#8221;."},"content":{"rendered":"<p><SPAN style=\"FONT-FAMILY: 'Verdana', 'sans-serif'; mso-bidi-font-family: Verdana; mso-ansi-language: #03FF\">Giacomo Sanna, Presidetne&nbsp;del Partito Sardo D'Azione, commentando la decisione della Consulta che impone il no-stop al percorso intrapreso dal Governo sulla costruzione delle nuove centrali nucleari, ha dichiarato: \"La Corte Costituzionale, con la decisione di ieri, che impone la&nbsp;necessit\u00e0 del parere delle Regioni sulla localizzazione degli impianti nucleari,&nbsp;fa esplodere tutte le contraddizioni dei provvedimenti intrapresi dal Governo, ed al contempo sancisce che la strada della concertazione e del coinvolgimento dei territori sia quella da seguire. Nessuna imposizione \"manu militari\" potr\u00e0 dunque&nbsp;essere accettata, ed il Popolo Sardo, con il referendum che si svolger\u00e0 tra qualche mese avr\u00e0 la possibilit\u00e0 di esprimersi in maniera chiara sul tema.\"<\/SPAN><\/p>\n<p><SPAN style=\"FONT-FAMILY: 'Verdana', 'sans-serif'; mso-bidi-font-family: Verdana; mso-ansi-language: #03FF\">&nbsp;<\/SPAN><\/p>\n<p><SPAN style=\"FONT-FAMILY: 'Verdana', 'sans-serif'; mso-bidi-font-family: Verdana; mso-ansi-language: #03FF\">\"Fino a quando non sar\u00e0 noto l'esito del referendum per l'abrogazione delle norme che riaprono alla produzione di elettricit\u00e0 attraverso la tecnologia nucleare, che la stessa Corte Costituzionale ha dichiarato ammissibile, riteniamo indispensabile - ha proseguito Sanna - bloccare ogni attivit\u00e0 o nomina in vista del ritorno al nucleare del nostro Paese. E' necessario che, in attesa di questo voto,&nbsp;non venga&nbsp;insediata l'Agenzia per il Nucleare, che alla stessa&nbsp;non siano attribuiti dipendenti, n\u00e9 che vengano disposte remunerazioni per i componenti\". <\/SPAN><\/p>\n<p><SPAN style=\"FONT-FAMILY: 'Verdana', 'sans-serif'; mso-bidi-font-family: Verdana; mso-ansi-language: #03FF\">&nbsp;<\/SPAN><\/p>\n<p><SPAN style=\"FONT-FAMILY: 'Verdana', 'sans-serif'; mso-bidi-font-family: Verdana; mso-ansi-language: #03FF\">\"I cittadini - ha concluso il capogruppo&nbsp;-&nbsp;stanno ancora pagando per lo smantellamento delle vecchie centrali (condotto in maniera poco chiara e ricca di ritardi e inefficienze), e non vorremmo che debbano&nbsp;pagare anche gli oneri di un'agenzia per un ritorno al nucleare che, molto probabilmente, non avverr\u00e0 mai\". Red.<\/SPAN><SPAN style=\"FONT-FAMILY: 'Verdana', 'sans-serif'; mso-bidi-font-family: Verdana; mso-ansi-language: #0010\" lang=it><\/SPAN><\/p>\n","protected":false},"excerpt":{"rendered":"<p>Giacomo Sanna, Presidetne&nbsp;del Partito Sardo D&#8217;Azione, commentando la decisione della Consulta che impone il no-stop al percorso intrapreso dal Governo sulla costruzione delle nuove centrali&#8230;<\/p>\n","protected":false},"author":2,"featured_media":0,"comment_status":"closed","ping_status":"closed","sticky":false,"template":"","format":"standard","meta":[],"categories":[49],"tags":[],"_links":{"self":[{"href":"https:\/\/www.cronacaonline.it\/index.php\/wp-json\/wp\/v2\/posts\/64981"}],"collection":[{"href":"https:\/\/www.cronacaonline.it\/index.php\/wp-json\/wp\/v2\/posts"}],"about":[{"href":"https:\/\/www.cronacaonline.it\/index.php\/wp-json\/wp\/v2\/types\/post"}],"author":[{"embeddable":true,"href":"https:\/\/www.cronacaonline.it\/index.php\/wp-json\/wp\/v2\/users\/2"}],"replies":[{"embeddable":true,"href":"https:\/\/www.cronacaonline.it\/index.php\/wp-json\/wp\/v2\/comments?post=64981"}],"version-history":[{"count":0,"href":"https:\/\/www.cronacaonline.it\/index.php\/wp-json\/wp\/v2\/posts\/64981\/revisions"}],"wp:attachment":[{"href":"https:\/\/www.cronacaonline.it\/index.php\/wp-json\/wp\/v2\/media?parent=64981"}],"wp:term":[{"taxonomy":"category","embeddable":true,"href":"https:\/\/www.cronacaonline.it\/index.php\/wp-json\/wp\/v2\/categories?post=64981"},{"taxonomy":"post_tag","embeddable":true,"href":"https:\/\/www.cronacaonline.it\/index.php\/wp-json\/wp\/v2\/tags?post=64981"}],"curies":[{"name":"wp","href":"https:\/\/api.w.org\/{rel}","templated":true}]}}