{"id":64911,"date":"2011-02-01T00:00:00","date_gmt":"2011-01-31T23:00:00","guid":{"rendered":"http:\/\/www.cronacaonline.it\/public\/content\/index.php\/2011\/02\/01\/proseguono-i-lavori-del-consiglio\/"},"modified":"2011-02-01T00:00:00","modified_gmt":"2011-01-31T23:00:00","slug":"proseguono-i-lavori-del-consiglio","status":"publish","type":"post","link":"https:\/\/www.cronacaonline.it\/index.php\/2011\/02\/01\/proseguono-i-lavori-del-consiglio\/","title":{"rendered":"Proseguono i lavori del Consiglio &#8211;"},"content":{"rendered":"<p><SPAN style=\"FONT-FAMILY: 'Verdana', 'sans-serif'; mso-bidi-font-family: Verdana\">I lavori pomeridiani del Consiglio regionale si sono aperti sotto la presidenza della Presidente Claudia Lombardo, la quale ha ricordato Albino Pisanu, scomparso all'et\u00e0 di 84 anni, ex consigliere regionale della Democrazia Cristiana, pi\u00f9 volte assessore regionale, in diversi ambiti. <\/SPAN><\/p>\n<p><SPAN style=\"FONT-FAMILY: 'Verdana', 'sans-serif'; mso-bidi-font-family: Verdana\">La Presidente ha espresso il cordoglio del Consiglio ed il suo personale. La seduta \u00e8 stata sospesa per 5 minuti in segno di lutto.<\/SPAN><\/p>\n<p><SPAN style=\"FONT-FAMILY: 'Verdana', 'sans-serif'; mso-bidi-font-family: Verdana\">Alla ripresa dei lavori si \u00e8 quindi proceduto all'esame dell'interpellanza 185\/a, sulla inderogabile necessit\u00e0 di avviare anche in Sardegna la sperimentazione del metodo Zamboni per la cura della sclerosi multipla, e dell&#8217;interpellanza 162\/a, sulla necessit\u00e0 dell'avvio in Sardegna di una sperimentazione clinica relativa al trattamento della Sclerosi multipla tramite la procedura di sostruzione venosa proposta dal prof. Paolo Zamboni, del Dipartimento di scienze chirurgiche, anestesiologiche e radiologiche all'Universit\u00e0 di Ferrara e su eventuali, reali ed immediate previsioni di acquisto di strumenti ecocolordoppler per la diagnosi di CCSVI nella sclerosi multipla (SM) per il Sistema sanitario della Regione.<\/SPAN><\/p>\n<p><SPAN style=\"FONT-FAMILY: 'Verdana', 'sans-serif'; mso-bidi-font-family: Verdana\">Daniele Cocco (Idv) ha illustrato le ricerche condotte dal professor Paolo Zamboni, chirurgo vascolare all&#8217;Universit\u00e0 di Ferrara, la cui sperimentazione \u00e8 partita anche negli Usa, con esiti positivi. \"La sclerosi multipla \u00e8 fra le malattie pi\u00f9 invalidanti, e colpisce anche i giovani, 58mila in Italia. In Sardegna non c'\u00e8 un registro regionale, ma sappiamo che \u00e8 la Regione pi\u00f9 colpita, con circa 2500 persone ammalate. Le attuali terapie costano e non risolvono, anzi presentano gravi effetti collaterali. L'interpellanza impegna il Presidente della Regione e l'assessore alla Sanit\u00e0 a prendere tutti i provvedimenti necessari all'avvio degli studi e della sperimentazione, in tempi brevi\".<\/SPAN><\/p>\n<p><SPAN style=\"FONT-FAMILY: 'Verdana', 'sans-serif'; mso-bidi-font-family: Verdana\">Efisio Planetta (Psd'az) ha voluto ricordare che per la sperimentazione del metodo Zamboni occorrono un colordoppler da 50.000 euro e il personale che lo sappia usare. \"Oltretutto con notevoli risparmi rispetto alla terapia farmacologia attualmente in vigore\".<\/SPAN><\/p>\n<p><SPAN style=\"FONT-FAMILY: 'Verdana', 'sans-serif'; mso-bidi-font-family: Verdana\">L'assessore alla Sanit\u00e0 Antonello Liori, nella sua risposta, ha affermato che ogni opportunit\u00e0 migliorativa deve essere colta, quindi vi \u00e8 anche la necessit\u00e0 di sperimentare. \"Ma bisogna avere anche la convalida delle comunit\u00e0 mediche internazionali. Per questo, per evitare false speranze, il Ministero della Salute ha prodotto una direttiva per il divieto di effettuare la disostruzione delle vene per la patologia in questione. Per\u00f2 con l'invito alla sperimentazione in Centri individuati. Noi non possiamo imporre queste metodiche diagnostiche sulla base di una mera impressione. Dobbiamo stare attenti su queste cose. Personalmente sostengo che la sperimentazione vada portata avanti comunque, se ci sono centri in Sardegna credo sia giusto farlo. Ma con la massima cautela\".<\/SPAN><\/p>\n<p><SPAN style=\"FONT-FAMILY: 'Verdana', 'sans-serif'; mso-bidi-font-family: Verdana\">Daniele Cocco (Idv) ha cos\u00ec replicato: \"Avremmo voluto sentire dall'assessore che si \u00e8 adoperato per avere dei Centri in cui iniziare immediatamente l'attivit\u00e0. Troppi pazienti sardi soffrono di questa gravissima malattia. Non sono soddisfatto, dovremmo avere subito risposte pi\u00f9 certe\".<\/SPAN><\/p>\n<p><SPAN style=\"FONT-FAMILY: 'Verdana', 'sans-serif'; mso-bidi-font-family: Verdana\">Efisio Planetta (Psd'az) ha auspicato un'attenzione particolare verso questo metodo e questa sperimentazione. \"Certo, dobbiamo essere cauti, ma dobbiamo anche attivarci perch\u00e9 la sperimentazione vada avanti, focalizzando i Centri in cui lavorarci. Mi ritengo fiducioso e in un certo senso soddisfatto\".<\/SPAN><\/p>\n<p><SPAN style=\"FONT-FAMILY: 'Verdana', 'sans-serif'; mso-bidi-font-family: Verdana\">L'interpellanza 188\/a, sulle nomine a primario della Asl 5 di Oristano, \u00e8 stata illustrata dallo stesso Luciano Uras (Comunisti-Sinistra Sarda-Rossomori), il quale ha affermato: \"Si tratta di un tema molto pi\u00f9 generale,&#8220;ci preoccupa il modo con cui sono state fatte le nomine per funzioni di assoluto rilievo, in reparti medici significativi. Chiediamo all'assessore se non ci fossero tra gli esclusi professionalit\u00e0 ed esperienze pi\u00f9 significative di quelle selezionate. Risulta agli atti una scelta carente sotto il profilo dell&#8217;esperienza relativa al numero di interventi, soprattutto nel caso della traumatologia. La malasanit\u00e0 nasce spesso anche da una cattiva gestione\".<\/SPAN><\/p>\n<p><SPAN style=\"FONT-FAMILY: 'Verdana', 'sans-serif'; mso-bidi-font-family: Verdana\">L'assessore Liori ha replicato che sulla base dei dati forniti dalla Asl di Oristano, le procedure amministrative per questo incarico risultano legittime e conformi alle leggi. \"Il Commissario sceglie tra gli idonei e la Commissione ha espresso parere unanime. Si tratta di una scelta ponderata e convinta. Il Commissario \u00e8 poi responsabile delle scelte effettuate\".<\/SPAN><\/p>\n<p><SPAN style=\"FONT-FAMILY: 'Verdana', 'sans-serif'; mso-bidi-font-family: Verdana\">La replica \u00e8 stata affidata a Gianvalerio Sanna (PD), il quale ha espresso insoddisfazione e preoccupazione, \"perch\u00e9 le istituzioni regionali devono stare dalla parte della tutela dei cittadini, che devono avere il meglio. La stessa Commissione ha giudicato la scarsa esperienza del candidato. \u00c8 sempre sbagliato premiare chi \u00e8 vicino alla politica. Valuteremo se queste scelte sono state fatte per i cittadini o per la politica. Quei verbali saranno oggetto di ricorso amministrativo\".<\/SPAN><\/p>\n<p><SPAN style=\"FONT-FAMILY: 'Verdana', 'sans-serif'; mso-bidi-font-family: Verdana\">Si \u00e8 quindi passati all&#8217;esame del Testo unificato delle proposte di legge 137 e 233\/a, sul sistema integrato di interventi a favore dei soggetti sottoposti a provvedimenti dell'autorit\u00e0 giudiziaria e sull'istituzione del Garante delle persone sottoposte a misure restrittive della libert\u00e0 personale, relatore Silvestro Ladu (PDL).<\/SPAN><\/p>\n<p><SPAN style=\"FONT-FAMILY: 'Verdana', 'sans-serif'; mso-bidi-font-family: Verdana\">Luciano Uras (Comunisti-Sinistra Sarda-Rossomori) ha chiesto una sospensione di 20 minuti per confrontarsi sul testo, al termine della relazione.<\/SPAN><\/p>\n<p><SPAN style=\"FONT-FAMILY: 'Verdana', 'sans-serif'; mso-bidi-font-family: Verdana\">Il relatore Ladu ha illustrato la legge, come frutto di due proposte distinte sullo stesso tema. \"Si tratta - ha sottolineato - di una legge che mira a migliorare le condizioni di vita dei detenuti, consolidando il percorso di rieducazione dei minorenni e provando a cambiare lo stile di vita dei detenuti. La legge colma una lacuna dell'ordinamento regionale, delineando una politica attiva di inclusione sociale. La situazione delle nostre carceri \u00e8 inadeguata, in tutti i 12 istituti penitenziari. I numeri sono impietosi. Per questo motivo, proponiamo un ruolo importante del Garante che si vuole istituire, con poteri di controllo, verifica delle condizioni, segnalazioni e proposte. Un Garante che dovr\u00e0 essere slegato dalla politica per svolgere al meglio il proprio ruolo\".<\/SPAN><\/p>\n<p><SPAN style=\"FONT-FAMILY: 'Verdana', 'sans-serif'; mso-bidi-font-family: Verdana\">Nella discussione generale \u00e8 intervenuto Cucca (Pd) che ha detto che questa legge si inquadra nell'esigenza di creare una rete di contatto tra detenuti, societ\u00e0 civile e istituzioni. \"Questa legge \u00e8 di fondamentale importanza. Le figure del garante dei detenuti e del difensore civico - ha detto - non devono essere confuse. Il garante dei detenuti \u00e8 necessario perch\u00e9 si occupa dei diritti sociali dei reclusi. La legge \u00e8 di primaria importanza. Su questa legge c&#8217;\u00e8 la condivisione tra maggioranza e opposizione\".<\/SPAN><\/p>\n<p><SPAN style=\"FONT-FAMILY: 'Verdana', 'sans-serif'; mso-bidi-font-family: Verdana\">Zuncheddu (Comunisti-La sinistra sarda-Rossomori) ha ricordato il ritardo della Sardegna rispetto all'Europa e alle altre regioni italiane. Per la consigliera dei Rossomori si tratta di una proposta di legge urgente che una volta approvata deve essere applicata. Uras (Comunisti-La sinistra sarda-Rossomori) ha affermato che con alcuni piccoli aggiustamenti questo provvedimento potr\u00e0 essere approvato.<\/SPAN><\/p>\n<p><SPAN style=\"FONT-FAMILY: 'Verdana', 'sans-serif'; mso-bidi-font-family: Verdana\">L'assessore alla Sanit\u00e0 Liori ha espresso un giudizio positivo per \"un provvedimento che incide in un settore di grande disagio\". L'esponente della giunta ha fatto riferimento anche al caso degli ospedali psichiatrici che ospitano i reclusi. \"Istituire la figura del garante - ha aggiunto - \u00e8 un atto di civilt\u00e0\". <\/SPAN><\/p>\n<p><SPAN style=\"FONT-FAMILY: 'Verdana', 'sans-serif'; mso-bidi-font-family: Verdana\">Dopo una breve pausa \u00e8 stato votato il passaggio agli articoli. In poco pi\u00f9 di 10 minuti sono stati approvati tutti gli articoli e gli emendamenti 1 all'articolo 6, il 2 all'articolo 7 e l'emendamento 3 che ha sostituito l'articolo 16 sull'indennit\u00e0 di carica che spetta al garante. La legge \u00e8 stata approvata all'unanimit\u00e0 (presenti 61, votanti 59, s\u00ec 59, due astenuti).<\/SPAN><\/p>\n<p><SPAN style=\"FONT-FAMILY: 'Verdana', 'sans-serif'; mso-bidi-font-family: Verdana\">Infine si \u00e8 passati all'esame della proposta di legge 180 \"Istituzione del Garante regionale per l'infanzia e l'adolescenza\". \"Questa legge non \u00e8 una leggina - ha detto il relatore Luigi Cucca (Pd) - \u00e8 un provvedimento importante. In Sardegna siamo in ritardo anche in questa materia. Assicurare ai bimbi un futuro \u00e8 un segnale di civilt\u00e0\". <\/SPAN><\/p>\n<p><SPAN style=\"FONT-FAMILY: 'Verdana', 'sans-serif'; mso-bidi-font-family: Verdana\">\"L'auspicio - ha concluso Cucca - \u00e8 che anche il Consiglio regionale approvi questa legge all'unanimit\u00e0\". Ladu (Pdl), presidente della Seconda commissione, a tal proposito ha aggiunto che questa legge \u00e8 importante ed \u00e8 un grande passo avanti. <\/SPAN><\/p>\n<p><SPAN style=\"FONT-FAMILY: 'Verdana', 'sans-serif'; mso-bidi-font-family: Verdana\">Dopo l'approvazione all'unanimit\u00e0 della legge, il Consiglio \u00e8 stato convocato a domicilio. Red<\/SPAN><\/p>\n<p><SPAN style=\"FONT-FAMILY: 'Verdana', 'sans-serif'; mso-bidi-font-family: Verdana\">&nbsp;<\/SPAN><\/p>\n","protected":false},"excerpt":{"rendered":"<p>I lavori pomeridiani del Consiglio regionale si sono aperti sotto la presidenza della Presidente Claudia Lombardo, la quale ha ricordato Albino Pisanu, scomparso all&#8217;et\u00e0 di&#8230;<\/p>\n","protected":false},"author":2,"featured_media":0,"comment_status":"closed","ping_status":"closed","sticky":false,"template":"","format":"standard","meta":[],"categories":[49],"tags":[],"_links":{"self":[{"href":"https:\/\/www.cronacaonline.it\/index.php\/wp-json\/wp\/v2\/posts\/64911"}],"collection":[{"href":"https:\/\/www.cronacaonline.it\/index.php\/wp-json\/wp\/v2\/posts"}],"about":[{"href":"https:\/\/www.cronacaonline.it\/index.php\/wp-json\/wp\/v2\/types\/post"}],"author":[{"embeddable":true,"href":"https:\/\/www.cronacaonline.it\/index.php\/wp-json\/wp\/v2\/users\/2"}],"replies":[{"embeddable":true,"href":"https:\/\/www.cronacaonline.it\/index.php\/wp-json\/wp\/v2\/comments?post=64911"}],"version-history":[{"count":0,"href":"https:\/\/www.cronacaonline.it\/index.php\/wp-json\/wp\/v2\/posts\/64911\/revisions"}],"wp:attachment":[{"href":"https:\/\/www.cronacaonline.it\/index.php\/wp-json\/wp\/v2\/media?parent=64911"}],"wp:term":[{"taxonomy":"category","embeddable":true,"href":"https:\/\/www.cronacaonline.it\/index.php\/wp-json\/wp\/v2\/categories?post=64911"},{"taxonomy":"post_tag","embeddable":true,"href":"https:\/\/www.cronacaonline.it\/index.php\/wp-json\/wp\/v2\/tags?post=64911"}],"curies":[{"name":"wp","href":"https:\/\/api.w.org\/{rel}","templated":true}]}}