{"id":64819,"date":"2011-02-16T00:00:00","date_gmt":"2011-02-15T23:00:00","guid":{"rendered":"http:\/\/www.cronacaonline.it\/public\/content\/index.php\/2011\/02\/16\/il-comune-di-cagliari-licenzia-90-operai-piu-ugl-la-via-piu-semplice-per-lamministrazione-che-non-vuole-attivarsi-per-trovare-soluzioni\/"},"modified":"2011-02-16T00:00:00","modified_gmt":"2011-02-15T23:00:00","slug":"il-comune-di-cagliari-licenzia-90-operai-piu-ugl-la-via-piu-semplice-per-lamministrazione-che-non-vuole-attivarsi-per-trovare-soluzioni","status":"publish","type":"post","link":"https:\/\/www.cronacaonline.it\/index.php\/2011\/02\/16\/il-comune-di-cagliari-licenzia-90-operai-piu-ugl-la-via-piu-semplice-per-lamministrazione-che-non-vuole-attivarsi-per-trovare-soluzioni\/","title":{"rendered":"Il Comune di Cagliari licenzia 90 operai &#8211; Piu (UGL): &#8220;La via pi\u00f9 semplice per l&#8217;amministrazione che non vuole attivarsi per trovare soluzioni&#8221;."},"content":{"rendered":"<p><SPAN style=\"FONT-FAMILY: 'Verdana', 'sans-serif'; mso-bidi-font-family: Verdana; mso-ansi-language: #03FF\">Sergio Melis, Segretario UGL Igiene Urbana, ha cos\u00ec commentato la notizia del Consiglio Comunale di Cagliari che, riunitosi ieri, dopo aver analizzato le problematiche relative il nuovo appalto biennale per la raccolta dei rifiuti, ha decretato il mancato rinnovo del contratto per 90 lavoratori che <\/SPAN><SPAN style=\"FONT-FAMILY: 'Verdana', 'sans-serif'; mso-bidi-font-family: Verdana\">per dieci anni si sono occupati dell'igiene urbana della citt\u00e0<\/SPAN><SPAN style=\"FONT-FAMILY: 'Verdana', 'sans-serif'; mso-bidi-font-family: Verdana; mso-ansi-language: #03FF\">: \"Allo stato attuale non si pu\u00f2 certo ricordare Cagliari per la pulizia delle sue strade\".<\/SPAN><\/p>\n<p><SPAN style=\"FONT-FAMILY: 'Verdana', 'sans-serif'; mso-bidi-font-family: Verdana; mso-ansi-language: #03FF\">\"E dopo che questi 90 operai verranno licenziati - ha proseguito Melis - l'igiene urbana non migliorer\u00e0 di certo. La raccolta differenziata non aumenter\u00e0 in maniera consistente finch\u00e9 non verr\u00e0 attivata la raccolta porta-porta e l'incremento della pulizia stradale per quartiere sarebbe possibile solo con il reintegro dei perdenti il posto. Perch\u00e9 licenziarli allora?\". <\/SPAN><\/p>\n<p><SPAN style=\"FONT-FAMILY: 'Verdana', 'sans-serif'; mso-bidi-font-family: Verdana; mso-ansi-language: #03FF\">Il consigliere Cugusi ha ricordato durante il consiglio comunale che abbandonare a se stessi lavoratori e famiglie senza alcuna prospettiva crea un disagio sociale che potrebbe spingere i disoccupati a trovare dubbie scappatoie per campare. <\/SPAN><\/p>\n<p><SPAN style=\"FONT-FAMILY: 'Verdana', 'sans-serif'; mso-bidi-font-family: Verdana; mso-ansi-language: #03FF\">&nbsp;<\/SPAN><\/p>\n<p><SPAN style=\"FONT-FAMILY: 'Verdana', 'sans-serif'; mso-bidi-font-family: Verdana; mso-ansi-language: #03FF\">\"Il mancato rinnovo del contratto \u00e8 forse la via pi\u00f9 semplice per l'amministrazione che non vuole attivarsi per trovare soluzioni \u2013 ha commentato Piergiorgio Piu, Segretario UGL Cagliari \u2013 ma non certo la pi\u00f9 economica. I lavoratori e le loro famiglie avranno ben presto necessit\u00e0 di ammortizzatori sociali, supporti per il pagamento del canone di affitto, sussidio di disoccupazione. In breve andranno a<SPAN style=\"mso-spacerun: yes\">&nbsp; <\/SPAN>costare di pi\u00f9, senza produrre. Stabilizzarli con contratto regolare invece costerebbe meno e diverrebbe una garanzia di benessere per loro e per la societ\u00e0 che non li avr\u00e0 a carico. La soluzione trovata in questi anni con le agenzie interinali \u00e8 stata pi\u00f9 costosa e a eliminato qualsiasi forma di rivalsa per i lavoratori\". <\/SPAN><\/p>\n<p><SPAN style=\"FONT-FAMILY: 'Verdana', 'sans-serif'; mso-bidi-font-family: Verdana; mso-ansi-language: #03FF\">&nbsp;<\/SPAN><\/p>\n<p><SPAN style=\"FONT-FAMILY: 'Verdana', 'sans-serif'; mso-bidi-font-family: Verdana; mso-ansi-language: #03FF\">\"Non \u00e8 stato il comportamento pi\u00f9 rispettabile per un'amministrazione comunale - ha concluso Piu - quello di mantenere precari 90 lavoratori per dieci anni, per poi esser lasciati in mezzo alla strada da un Consiglio Comunale che li rappresenta senza nemmeno un dibattito che dimostri di aver a cuore il loro futuro\". Com.<\/SPAN><SPAN style=\"FONT-FAMILY: 'Verdana', 'sans-serif'; mso-bidi-font-family: Verdana; mso-ansi-language: #0010\" lang=it><\/SPAN><\/p>\n","protected":false},"excerpt":{"rendered":"<p>Sergio Melis, Segretario UGL Igiene Urbana, ha cos\u00ec commentato la notizia del Consiglio Comunale di Cagliari che, riunitosi ieri, dopo aver analizzato le problematiche relative&#8230;<\/p>\n","protected":false},"author":2,"featured_media":0,"comment_status":"closed","ping_status":"closed","sticky":false,"template":"","format":"standard","meta":[],"categories":[49],"tags":[],"_links":{"self":[{"href":"https:\/\/www.cronacaonline.it\/index.php\/wp-json\/wp\/v2\/posts\/64819"}],"collection":[{"href":"https:\/\/www.cronacaonline.it\/index.php\/wp-json\/wp\/v2\/posts"}],"about":[{"href":"https:\/\/www.cronacaonline.it\/index.php\/wp-json\/wp\/v2\/types\/post"}],"author":[{"embeddable":true,"href":"https:\/\/www.cronacaonline.it\/index.php\/wp-json\/wp\/v2\/users\/2"}],"replies":[{"embeddable":true,"href":"https:\/\/www.cronacaonline.it\/index.php\/wp-json\/wp\/v2\/comments?post=64819"}],"version-history":[{"count":0,"href":"https:\/\/www.cronacaonline.it\/index.php\/wp-json\/wp\/v2\/posts\/64819\/revisions"}],"wp:attachment":[{"href":"https:\/\/www.cronacaonline.it\/index.php\/wp-json\/wp\/v2\/media?parent=64819"}],"wp:term":[{"taxonomy":"category","embeddable":true,"href":"https:\/\/www.cronacaonline.it\/index.php\/wp-json\/wp\/v2\/categories?post=64819"},{"taxonomy":"post_tag","embeddable":true,"href":"https:\/\/www.cronacaonline.it\/index.php\/wp-json\/wp\/v2\/tags?post=64819"}],"curies":[{"name":"wp","href":"https:\/\/api.w.org\/{rel}","templated":true}]}}